{"id":90995,"date":"2023-05-16T11:25:05","date_gmt":"2023-05-16T11:25:05","guid":{"rendered":"https:\/\/haberulus.net\/?p=90995"},"modified":"2023-05-16T11:25:05","modified_gmt":"2023-05-16T11:25:05","slug":"nesli-tukenmekte-olan-afrika-beyaz-aslanlarindan-biri-dort-yavru-dunyaya-getirdi","status":"publish","type":"post","link":"https:\/\/haberulus.net\/?p=90995","title":{"rendered":"Nesli t\u00fckenmekte olan Afrika beyaz aslanlar\u0131ndan biri d\u00f6rt yavru d\u00fcnyaya getirdi"},"content":{"rendered":"<p>\u0130ran resmi haber ajans\u0131 IRNA\u2019ya g\u00f6re, Elburz eyaletine ba\u011fl\u0131 Kerec kentindeki \u015eehid \u00c7amran Park\u0131\u2019nda korunan bir di\u015fi beyaz aslan, 4 yavru d\u00fcnyaya getirdi.<\/p>\n<p>Do\u011fan yavrular\u0131n sa\u011fl\u0131kl\u0131 oldu\u011fu ve anne s\u00fct\u00fcyle beslendi\u011fi belirtildi. Anne ve yavrular\u0131n strese girmesini \u00f6nlemek i\u00e7in uzmanlar\u0131n onlara yakla\u015famad\u0131\u011f\u0131 ve bu y\u00fczden hen\u00fcz yavrular\u0131n cinsiyetinin belli olmad\u0131\u011f\u0131 aktar\u0131ld\u0131.<\/p>\n<p>Nesli t\u00fckenmekte olan t\u00fcrleri korumaya y\u00f6nelik bir yeti\u015ftirme program\u0131n\u0131n par\u00e7as\u0131 olarak Dena ve Hir ad\u0131 verilen 2 yavru beyaz aslan 2019\u2019da G\u00fcney Afrika\u2019dan \u0130ran\u2019a getirilmi\u015fti.<\/p>\n<p>G\u00fcney Afrika\u2019n\u0131n Timbavati b\u00f6lgesinde ya\u015fayan beyaz aslanlar\u0131n nesli, ba\u015fta avc\u0131l\u0131k olmak \u00fczere \u00e7e\u015fitli nedenlerle 1990\u2019larda t\u00fckenme noktas\u0131na gelmi\u015fti. G\u00fcney Afrika\u2019da bu t\u00fcr\u00fc korumaya y\u00f6nelik program ba\u015flatan \u201cK\u00fcresel Beyaz Aslan\u0131 Koruma Vakf\u0131\u201d, 2004 y\u0131l\u0131ndan itibaren beyaz aslanlar\u0131 ana vatanlar\u0131nda yeniden yeti\u015ftirme program\u0131 ba\u015flatm\u0131\u015ft\u0131. Program sayesinde \u00e7ok say\u0131da beyaz aslan kendi topraklar\u0131nda yeniden yeti\u015ftirilse de halen d\u00fcnyada yaln\u0131zca\u00a0 300 beyaz aslan oldu\u011fu tahmin ediliyor.<\/p>\n<p>Beyaz aslanlar\u0131n neslinin korunmas\u0131 i\u00e7in d\u00fcnyan\u0131n \u00e7e\u015fitli vah\u015fi ya\u015fam\u0131 koruma merkezlerinde de bu t\u00fcr i\u00e7in yeti\u015ftirme programlar\u0131 uygulan\u0131yor. (AA)<\/p>\n","protected":false},"excerpt":{"rendered":"<p>\u0130ran&#8217;da nesli t\u00fckenmekteki t\u00fcrleri korumaya y\u00f6nelik yeti\u015ftirme program\u0131n\u0131n par\u00e7as\u0131 olarak korunan bir Afrika beyaz aslan\u0131. 4 sa\u011fl\u0131kl\u0131 yavru do\u011furdu.<\/p>\n","protected":false},"author":1,"featured_media":90996,"comment_status":"closed","ping_status":"open","sticky":false,"template":"","format":"standard","meta":{"footnotes":""},"categories":[33],"tags":[11918,3660,1419],"class_list":["post-90995","post","type-post","status-publish","format-standard","has-post-thumbnail","hentry","category-yasam","tag-beyaz-aslan","tag-program","tag-yavru"],"_links":{"self":[{"href":"https:\/\/haberulus.net\/index.php?rest_route=\/wp\/v2\/posts\/90995","targetHints":{"allow":["GET"]}}],"collection":[{"href":"https:\/\/haberulus.net\/index.php?rest_route=\/wp\/v2\/posts"}],"about":[{"href":"https:\/\/haberulus.net\/index.php?rest_route=\/wp\/v2\/types\/post"}],"author":[{"embeddable":true,"href":"https:\/\/haberulus.net\/index.php?rest_route=\/wp\/v2\/users\/1"}],"replies":[{"embeddable":true,"href":"https:\/\/haberulus.net\/index.php?rest_route=%2Fwp%2Fv2%2Fcomments&post=90995"}],"version-history":[{"count":1,"href":"https:\/\/haberulus.net\/index.php?rest_route=\/wp\/v2\/posts\/90995\/revisions"}],"predecessor-version":[{"id":90997,"href":"https:\/\/haberulus.net\/index.php?rest_route=\/wp\/v2\/posts\/90995\/revisions\/90997"}],"wp:featuredmedia":[{"embeddable":true,"href":"https:\/\/haberulus.net\/index.php?rest_route=\/wp\/v2\/media\/90996"}],"wp:attachment":[{"href":"https:\/\/haberulus.net\/index.php?rest_route=%2Fwp%2Fv2%2Fmedia&parent=90995"}],"wp:term":[{"taxonomy":"category","embeddable":true,"href":"https:\/\/haberulus.net\/index.php?rest_route=%2Fwp%2Fv2%2Fcategories&post=90995"},{"taxonomy":"post_tag","embeddable":true,"href":"https:\/\/haberulus.net\/index.php?rest_route=%2Fwp%2Fv2%2Ftags&post=90995"}],"curies":[{"name":"wp","href":"https:\/\/api.w.org\/{rel}","templated":true}]}}