{"id":91025,"date":"2023-05-16T12:05:04","date_gmt":"2023-05-16T12:05:04","guid":{"rendered":"https:\/\/haberulus.net\/?p=91025"},"modified":"2023-05-16T12:05:04","modified_gmt":"2023-05-16T12:05:04","slug":"milletvekili-secilemeyen-baris-ataydan-yargilanacaksin-diyen-takipcisine-yanit","status":"publish","type":"post","link":"https:\/\/haberulus.net\/?p=91025","title":{"rendered":"Milletvekili se\u00e7ilemeyen Bar\u0131\u015f Atay&#8217;dan &#8220;Yarg\u0131lanacaks\u0131n&#8221; diyen takip\u00e7isine yan\u0131t"},"content":{"rendered":"<p>Antalya&#8217;da Cumhurba\u015fkanl\u0131\u011f\u0131 ve 28&#8217;inci D\u00f6nem Milletvekili Genel Se\u00e7imi&#8217;nde 5 bin 580 sand\u0131kta, 1 milyon 744 bin 975 ki\u015fi oy kulland\u0131. Milletvekili se\u00e7imlerinde sand\u0131klar\u0131n y\u00fczde 100&#8217;\u00fc a\u00e7\u0131ld\u0131. Baz\u0131 sand\u0131klara yap\u0131lan itirazlar ve yurtd\u0131\u015f\u0131 oylar\u0131n\u0131n say\u0131m\u0131n\u0131n y\u00fczde 100 tamamlanmamas\u0131 nedeniyle  <strong>se\u00e7im<\/strong> sonu\u00e7lar\u0131 hen\u00fcz kesinle\u015fmedi. Fakat siyasi partilerin Antalya&#8217;da \u00e7\u0131kard\u0131\u011f\u0131 milletvekili say\u0131s\u0131 netle\u015fti.<\/p>\n<p><b>BARI\u015e ATAY SE\u00c7\u0130LEMED\u0130<\/b><\/p>\n<p>Kesin olmayan sonu\u00e7lara g\u00f6re, AK Parti ve CHP&#8217;nin 6, \u0130Y\u0130 Parti ile MHP&#8217;nin 2&#8217;\u015fer, Ye\u015fil Sol Parti&#8217;nin ise 1 milletvekili \u00e7\u0131kard\u0131\u011f\u0131 Antalya&#8217;da T\u00fcrkiye \u0130\u015f\u00e7i Partisi milletvekili aday\u0131 olan Bar\u0131\u015f Atay se\u00e7ilemedi. <\/p>\n<p><b>&#8220;YARGILANACAKSIN&#8221; D\u0130YEN TAK\u0130P\u00c7\u0130S\u0130 \u0130LE KAPI\u015eTI <\/b><\/p>\n<p>Daha \u00f6nce se\u00e7ildi\u011fi Hatay&#8217;daki yerini Can Atalay&#8217;a b\u0131rak\u0131p, Antalya 2. s\u0131radan aday olan Atay, sosyal medyada &#8220;Dokunulmazl\u0131k z\u0131rh\u0131n kalkt\u0131 sevgili Bar\u0131\u015f. Yarg\u0131lanacaks\u0131n&#8221; diyen takip\u00e7isi ile kap\u0131\u015ft\u0131. <\/p>\n<p>Atay, takip\u00e7isine cevaben &#8220;Beni; kaybetmekten korktu\u011fu i\u00e7in ko\u015fa ko\u015fa vekil olup, dokunulmazl\u0131k alan bakanlar\u0131n\u0131zdan sand\u0131n herhalde t\u0131r\u015fik&#8221; ifadelerine yer verdi.<\/p>\n<p><strong>\u0130\u015fte ikili aras\u0131nda ge\u00e7en o diyalog; <\/strong> <\/p>\n<p><img decoding=\"async\" src=\"https:\/\/i.hbrcdn.com\/haber\/2023\/05\/16\/milletvekili-secilemeyen-baris-atay-dan-15914038_4126_m.jpg\" alt=\"\" title=\"\"><\/p><\/p>\n","protected":false},"excerpt":{"rendered":"<p>T\u00fcrkiye \u0130\u015f\u00e7i Partisi Antalya 2&#8217;inci s\u0131ra milletvekili aday\u0131 olan ancak resmi olmayan sonu\u00e7lara g\u00f6re se\u00e7ilemeyen Bar\u0131\u015f Atay, sosyal medyada &#8220;Dokunulmazl\u0131k z\u0131rh\u0131n kalkt\u0131 sevgili Bar\u0131\u015f. Yarg\u0131lanacaks\u0131n&#8221; payla\u015f\u0131m\u0131 yapan takip\u00e7isine &#8220;Beni; kaybetmekten korktu\u011fu i\u00e7in ko\u015fa ko\u015fa vekil olup, dokunulmazl\u0131k alan bakanlar\u0131n\u0131zdan sand\u0131n herhalde t\u0131r\u015fik&#8221; s\u00f6zleriyle yan\u0131t verdi.<\/p>\n","protected":false},"author":1,"featured_media":91026,"comment_status":"closed","ping_status":"open","sticky":false,"template":"","format":"standard","meta":{"footnotes":""},"categories":[28],"tags":[1486,442],"class_list":["post-91025","post","type-post","status-publish","format-standard","has-post-thumbnail","hentry","category-politika","tag-milletvekili","tag-parti"],"_links":{"self":[{"href":"https:\/\/haberulus.net\/index.php?rest_route=\/wp\/v2\/posts\/91025","targetHints":{"allow":["GET"]}}],"collection":[{"href":"https:\/\/haberulus.net\/index.php?rest_route=\/wp\/v2\/posts"}],"about":[{"href":"https:\/\/haberulus.net\/index.php?rest_route=\/wp\/v2\/types\/post"}],"author":[{"embeddable":true,"href":"https:\/\/haberulus.net\/index.php?rest_route=\/wp\/v2\/users\/1"}],"replies":[{"embeddable":true,"href":"https:\/\/haberulus.net\/index.php?rest_route=%2Fwp%2Fv2%2Fcomments&post=91025"}],"version-history":[{"count":1,"href":"https:\/\/haberulus.net\/index.php?rest_route=\/wp\/v2\/posts\/91025\/revisions"}],"predecessor-version":[{"id":91027,"href":"https:\/\/haberulus.net\/index.php?rest_route=\/wp\/v2\/posts\/91025\/revisions\/91027"}],"wp:featuredmedia":[{"embeddable":true,"href":"https:\/\/haberulus.net\/index.php?rest_route=\/wp\/v2\/media\/91026"}],"wp:attachment":[{"href":"https:\/\/haberulus.net\/index.php?rest_route=%2Fwp%2Fv2%2Fmedia&parent=91025"}],"wp:term":[{"taxonomy":"category","embeddable":true,"href":"https:\/\/haberulus.net\/index.php?rest_route=%2Fwp%2Fv2%2Fcategories&post=91025"},{"taxonomy":"post_tag","embeddable":true,"href":"https:\/\/haberulus.net\/index.php?rest_route=%2Fwp%2Fv2%2Ftags&post=91025"}],"curies":[{"name":"wp","href":"https:\/\/api.w.org\/{rel}","templated":true}]}}