{"id":91046,"date":"2023-05-16T12:35:03","date_gmt":"2023-05-16T12:35:03","guid":{"rendered":"https:\/\/haberulus.net\/?p=91046"},"modified":"2023-05-16T12:35:03","modified_gmt":"2023-05-16T12:35:03","slug":"tbmmyi-en-yasli-uye-olan-devlet-bahceli-yonetecek-kabul-etmezse-koltuga-cengiz-candar-oturacak","status":"publish","type":"post","link":"https:\/\/haberulus.net\/?p=91046","title":{"rendered":"TBMM&#8217;yi en ya\u015fl\u0131 \u00fcye olan Devlet Bah\u00e7eli y\u00f6netecek! Kabul etmezse koltu\u011fa Cengiz \u00c7andar oturacak"},"content":{"rendered":"<p>Pazar g\u00fcn\u00fc ger\u00e7ekle\u015fen  <strong>se\u00e7im<\/strong> sonras\u0131nda Cumhurba\u015fkanl\u0131\u011f\u0131 yar\u0131\u015f\u0131 ikinci tura kald\u0131 ancak parlamento se\u00e7imi sonu\u00e7land\u0131. Yasaya g\u00f6re T\u00fcrkiye B\u00fcy\u00fck Millet Meclisi, Y\u00fcksek  <strong>Se\u00e7im<\/strong> Kurulu&#8217;nun (YSK) kesin sonu\u00e7lar\u0131 ilan etmesinden 3 g\u00fcn sonra saat 14.00&#8217;te toplanacak.<\/p>\n<p><b>M\u0130LLETVEK\u0130LLER\u0130 \u0130K\u0130NC\u0130 TURDAN \u00d6NCE YEM\u0130N EDECEK<\/b><\/p>\n<p>Bundan \u00f6nceki se\u00e7im s\u00fcre\u00e7lerinde YSK&#8217;nin se\u00e7imin tamamlanmas\u0131ndan sonra en fazla bir hafta i\u00e7erisinde kesin sonu\u00e7lar\u0131 a\u00e7\u0131klad\u0131\u011f\u0131 dikkate al\u0131n\u0131rsa Meclis, \u00f6n\u00fcm\u00fczdeki hafta i\u00e7i, 28 May\u0131s&#8217;ta yap\u0131lacak Cumhurba\u015fkanl\u0131\u011f\u0131 se\u00e7iminden \u00f6nce a\u00e7\u0131lacak ve milletvekilleri yemin edecek. 28. Yasama Y\u0131l\u0131&#8217;n\u0131n bu ilk oturumunu, Meclis Ba\u015fkan\u0131 hen\u00fcz se\u00e7ilmemi\u015f oldu\u011fu i\u00e7in en ya\u015fl\u0131 \u00fcye y\u00f6netecek. Bu d\u00f6nemin en ya\u015fl\u0131 \u00fcyeleri, her ikisi de 1948 do\u011fumlu olan MHP Genel Ba\u015fkan\u0131 ve Osmaniye Milletvekili Devlet Bah\u00e7eli ile Ye\u015fil Sol Parti Diyarbak\u0131r Milletvekili Cengiz \u00c7andar.<\/p>\n<p><b>&#8220;BAH\u00c7EL\u0130 GE\u00c7\u0130C\u0130 BA\u015eKANLIK YAPMAYI TERC\u0130H ETMEYECEK&#8221;<\/b><\/p>\n<p>Edinilen bilgiye g\u00f6re Bah\u00e7eli ay fark\u0131yla \u00c7andar&#8217;dan b\u00fcy\u00fck. Bu durumda Meclis&#8217;in ilk oturumunu Bah\u00e7eli&#8217;nin y\u00f6netmesi gerekiyor. \u00c7andar da o g\u00fcn Bah\u00e7eli&#8217;yle birlikte g\u00f6rev yapacak ve ge\u00e7ici Meclis Ba\u015fkanvekili olacak. Ancak 2018 se\u00e7imlerinde de Meclis&#8217;in en ya\u015fl\u0131 milletvekili olan Bah\u00e7eli, o d\u00f6nem bu g\u00f6revi yerine getirmeyi tercih etmemi\u015f, Meclis&#8217;i ge\u00e7ici olarak ikinci en ya\u015fl\u0131 \u00fcye Durmu\u015f Y\u0131lmaz y\u00f6netmi\u015fti. MHP kaynaklar\u0131na g\u00f6re Bah\u00e7eli, normal \u015fartlarda bu yasama y\u0131l\u0131nda da ge\u00e7ici ba\u015fkanl\u0131k yapmay\u0131 tercih etmeyecek. Ancak K\u00fcrt sorunu ile ilgili a\u00e7\u0131klamalar\u0131 MHP kanad\u0131nda tepki \u00e7eken Cengiz \u00c7andar&#8217;\u0131n Meclis&#8217;i ge\u00e7ici de olsa y\u00f6netti\u011fi bir foto\u011fraf\u0131n ortaya \u00e7\u0131kmamas\u0131 i\u00e7in Bah\u00e7eli&#8217;nin bu kez ge\u00e7ici ba\u015fkanl\u0131\u011f\u0131 kabul edebilece\u011fi yorumunu yapan MHP kurmaylar\u0131 da var.<\/p>\n<p><img decoding=\"async\" src=\"https:\/\/i.hbrcdn.com\/haber\/2023\/05\/16\/tbmm-yi-en-yasli-uye-olan-devlet-bahceli-15914173_1629_m.jpg\" alt=\"\" title=\"\"><span>Ye\u015fil Sol Parti Diyarbak\u0131r Milletvekili Cengiz \u00c7andar.<\/span><\/p>\n<p><b>BA\u015eKAN Y\u00dcKSEK \u0130HT\u0130MALLE CUMHUR \u0130TT\u0130FAKI&#8217;NIN \u0130\u015eARET ETT\u0130\u011e\u0130 \u0130S\u0130M OLACAK<\/b><\/p>\n<p>Meclis Ba\u015fkanl\u0131\u011f\u0131 koltu\u011funa kal\u0131c\u0131 olarak kimin oturaca\u011f\u0131 sorusuysa ikinci tur Cumhurba\u015fkanl\u0131\u011f\u0131 se\u00e7iminden \u00f6nce yan\u0131t bulacak. Milletvekili yeminlerinin edildi\u011fi g\u00fcn Meclis Ba\u015fkanl\u0131\u011f\u0131 se\u00e7imini ilan edilecek ve adayl\u0131k ba\u015fvurular\u0131 ba\u015flayacak. Siyasi partiler adaylar\u0131n\u0131 5 g\u00fcn i\u00e7inde bildirecek. Se\u00e7im, adayl\u0131k ba\u015fvuru s\u00fcresinin bitiminin ard\u0131ndan gelen 5 g\u00fcn i\u00e7inde tamamlanacak. Yani Cumhurba\u015fkanl\u0131\u011f\u0131 se\u00e7iminin ikinci turu tamamlan\u0131p kesin sonu\u00e7lar a\u00e7\u0131klanana kadar Meclis&#8217;in yeni ba\u015fkan\u0131 belirlenmi\u015f olacak. Gizli oylama ile yap\u0131lan se\u00e7imde ilk iki oylamada \u00fcye tamsay\u0131s\u0131n\u0131n \u00fc\u00e7te ikisi; \u00fc\u00e7\u00fcnc\u00fc oylamada ise \u00fcye tamsay\u0131s\u0131n\u0131n salt \u00e7o\u011funlu\u011fu aranacak. \u00dc\u00e7\u00fcnc\u00fc oylamada salt \u00e7o\u011funluk sa\u011flanamazsa, bu oylamada en \u00e7ok oy alan iki aday i\u00e7in d\u00f6rd\u00fcnc\u00fc oylama yap\u0131lacak. D\u00f6rd\u00fcnc\u00fc oylamada en fazla oy alan \u00fcye, ba\u015fkan se\u00e7ilmi\u015f olacak. Cumhur \u0130ttifak\u0131&#8217;n\u0131n say\u0131sal \u00fcst\u00fcnl\u00fc\u011f\u00fc g\u00f6z \u00f6n\u00fcnde bulunduruldu\u011funda Meclis Ba\u015fkan\u0131 y\u00fcksek ihtimalle Cumhur \u0130ttifak\u0131&#8217;n\u0131n i\u015faret etti\u011fi isim olacak.<\/p>\n<p><b>FUAT OKTAY \u0130SM\u0130 GE\u00c7\u0130YOR<\/b><\/p>\n<p>Kulislere g\u00f6re Meclis Ba\u015fkanl\u0131\u011f\u0131 i\u00e7in en g\u00fc\u00e7l\u00fc aday Cumhurba\u015fkan\u0131 Yard\u0131mc\u0131s\u0131 ve Ankara Milletvekili Fuat Oktay. AK Parti Genel Ba\u015fkan Yard\u0131mc\u0131s\u0131 ve \u0130stanbul Milletvekili Numan Kurtulmu\u015f&#8217;un ad\u0131 da Meclis Ba\u015fkanl\u0131\u011f\u0131 i\u00e7in ge\u00e7se de koltu\u011fa Fuat Oktay&#8217;\u0131n oturmas\u0131 s\u00fcrpriz olmayacak. Numan Kurtulmu\u015f&#8217;un ise AK Parti Grup Ba\u015fkan\u0131 olabilece\u011fi Ankara&#8217;da dillendirilen bir ba\u015fka kulis bilgisi.<\/p><\/p>\n","protected":false},"excerpt":{"rendered":"<p>Gelecek hafta a\u00e7\u0131lmas\u0131 beklenen TBMM&#8217;yi en ya\u015fl\u0131 \u00fcye olan MHP Genel Ba\u015fkan\u0131 Devlet Bah\u00e7eli y\u00f6netecek. Bah\u00e7eli&#8217;nin bu g\u00f6revi kabul etmemesi durumunda ise Meclis Ba\u015fkanl\u0131\u011f\u0131 koltu\u011funda ge\u00e7ici olarak Ye\u015fil Sol Parti Diyarbak\u0131r Milletvekili Cengiz \u00c7andar oturacak.<\/p>\n","protected":false},"author":1,"featured_media":91047,"comment_status":"closed","ping_status":"open","sticky":false,"template":"","format":"standard","meta":{"footnotes":""},"categories":[28],"tags":[1606,1122,581,484,320],"class_list":["post-91046","post","type-post","status-publish","format-standard","has-post-thumbnail","hentry","category-politika","tag-bahceli","tag-cumhur","tag-meclis","tag-millet","tag-secim"],"_links":{"self":[{"href":"https:\/\/haberulus.net\/index.php?rest_route=\/wp\/v2\/posts\/91046","targetHints":{"allow":["GET"]}}],"collection":[{"href":"https:\/\/haberulus.net\/index.php?rest_route=\/wp\/v2\/posts"}],"about":[{"href":"https:\/\/haberulus.net\/index.php?rest_route=\/wp\/v2\/types\/post"}],"author":[{"embeddable":true,"href":"https:\/\/haberulus.net\/index.php?rest_route=\/wp\/v2\/users\/1"}],"replies":[{"embeddable":true,"href":"https:\/\/haberulus.net\/index.php?rest_route=%2Fwp%2Fv2%2Fcomments&post=91046"}],"version-history":[{"count":1,"href":"https:\/\/haberulus.net\/index.php?rest_route=\/wp\/v2\/posts\/91046\/revisions"}],"predecessor-version":[{"id":91048,"href":"https:\/\/haberulus.net\/index.php?rest_route=\/wp\/v2\/posts\/91046\/revisions\/91048"}],"wp:featuredmedia":[{"embeddable":true,"href":"https:\/\/haberulus.net\/index.php?rest_route=\/wp\/v2\/media\/91047"}],"wp:attachment":[{"href":"https:\/\/haberulus.net\/index.php?rest_route=%2Fwp%2Fv2%2Fmedia&parent=91046"}],"wp:term":[{"taxonomy":"category","embeddable":true,"href":"https:\/\/haberulus.net\/index.php?rest_route=%2Fwp%2Fv2%2Fcategories&post=91046"},{"taxonomy":"post_tag","embeddable":true,"href":"https:\/\/haberulus.net\/index.php?rest_route=%2Fwp%2Fv2%2Ftags&post=91046"}],"curies":[{"name":"wp","href":"https:\/\/api.w.org\/{rel}","templated":true}]}}