{"id":91052,"date":"2023-05-16T12:35:04","date_gmt":"2023-05-16T12:35:04","guid":{"rendered":"https:\/\/haberulus.net\/?p=91052"},"modified":"2023-05-16T12:35:04","modified_gmt":"2023-05-16T12:35:04","slug":"meclis-bahcesinde-ineklerini-otlattilar","status":"publish","type":"post","link":"https:\/\/haberulus.net\/?p=91052","title":{"rendered":"Meclis bah\u00e7esinde ineklerini otlatt\u0131lar"},"content":{"rendered":"<p>G\u00f6stericiler \u201c\u0130nekler merada\u201d yaz\u0131l\u0131 pankart a\u00e7arak \u00e7evresi barikatlarla kapat\u0131lan meclisin \u00f6n\u00fcndeki \u00e7imenlik alana inek s\u00fcr\u00fcs\u00fcn\u00fc otlamaya b\u0131rakt\u0131.<\/p>\n<p>Greenpeace\u2019in kampanya s\u00f6zc\u00fcs\u00fc Lasse van Aken yapt\u0131\u011f\u0131 a\u00e7\u0131klamada; Berlin\u2019in ortas\u0131nda inekleri \u00e7imenlik alana salman\u0131n garip gelebilece\u011fini belirterek \u201cAncak ine\u011fin do\u011fal ya\u015fam alan\u0131 merad\u0131r. Ne yaz\u0131k ki Almanya\u2019daki ineklerin \u00e7o\u011fu y\u0131l\u0131n y\u00fczde 70\u2019inde ah\u0131rda kal\u0131yor. \u0130ne\u011fin meraya ait oldu\u011funa dikkati \u00e7ekmek istiyoruz\u201d dedi.<\/p>\n<p>Aken, Almanya G\u0131da ve Tar\u0131m Bakan\u0131 Cem \u00d6zdemir\u2019den, ineklerin merada otlat\u0131lmas\u0131 i\u00e7in \u00fclke \u00e7ap\u0131nda destek program\u0131 ba\u015flatmas\u0131n\u0131 isteyerek \u201cBu, iklim, biyo\u00e7e\u015fitlilik ve inekler i\u00e7in iyi ama maliyeti y\u00fcksek. \u0130\u015fte bu nedenle \u00e7ift\u00e7ilerin bunu kar\u015f\u0131layabilmesi i\u00e7in hedefe uygun bir destek program\u0131 olu\u015fturulmas\u0131 \u00e7a\u011fr\u0131s\u0131nda bulunuyoruz\u201d ifadesini kulland\u0131.<\/p>\n<p><img decoding=\"async\" src=\"https:\/\/i01.sozcucdn.com\/wp-content\/uploads\/2023\/05\/16\/almanya_greenpiece-aa.jpg\" alt=\"\" title=\"\"><\/p>\n<p>Schleswig Holstein eyaletinde \u00e7ift\u00e7ilik yapan Matthias St\u00fchrwoldt da \u201cOla\u011fan\u00fcst\u00fc bir eylem. Benim inekler yakla\u015f\u0131k 4 haftadan beri merada ve sadece sa\u011fmak i\u00e7in i\u00e7eriye (ah\u0131ra) al\u0131yorum. Bunun ihmal edilmi\u015f bir konu oldu\u011funu d\u00fc\u015f\u00fcn\u00fcyorum. Meradaki inek herkes i\u00e7in iyidir. Bu eylemi duydu\u011fumda \u2018Oraya gitmem laz\u0131m\u2019 dedim. Federal Meclis (Reichstag) binas\u0131n\u0131n \u00f6n\u00fcndeki \u00e7imenlik alanda inekler, ola\u011fan\u00fcst\u00fc bir resim\u201d de\u011ferlendirmesinde bulundu.<\/p>\n<p>St\u00fchrwoldt, ineklerin merada otlat\u0131lmas\u0131 i\u00e7in \u015fimdiye kadar desteklenmedi\u011fini ifade ederek \u201cS\u00fcr\u00fcler b\u00fcy\u00fcd\u00fc, ah\u0131rlarda tutulmaya ba\u015fland\u0131. Siyaset\u00e7iler ine\u011fin meraya \u00e7\u0131kmas\u0131n\u0131 desteklemek i\u00e7in hi\u00e7bir \u015fey yapmad\u0131\u201d diye konu\u015ftu. (AA)<\/p>\n","protected":false},"excerpt":{"rendered":"<p>Almanya&#8217;n\u0131n ba\u015fkenti Berlin&#8217;de \u00e7evre \u00f6rg\u00fct\u00fc Greenpeace ve K\u0131rsal Tar\u0131m \u0130\u00e7in \u00c7al\u0131\u015fma Grubu (AbL), Federal Meclis binas\u0131n\u0131n \u00f6n\u00fcndeki \u00e7imenlik alana inek s\u00fcr\u00fcs\u00fc getirerek ineklerin ah\u0131rlarda tutulmas\u0131n\u0131 protesto etti.<\/p>\n","protected":false},"author":1,"featured_media":91053,"comment_status":"closed","ping_status":"open","sticky":false,"template":"","format":"standard","meta":{"footnotes":""},"categories":[24],"tags":[5318],"class_list":["post-91052","post","type-post","status-publish","format-standard","has-post-thumbnail","hentry","category-dunya","tag-inek"],"_links":{"self":[{"href":"https:\/\/haberulus.net\/index.php?rest_route=\/wp\/v2\/posts\/91052","targetHints":{"allow":["GET"]}}],"collection":[{"href":"https:\/\/haberulus.net\/index.php?rest_route=\/wp\/v2\/posts"}],"about":[{"href":"https:\/\/haberulus.net\/index.php?rest_route=\/wp\/v2\/types\/post"}],"author":[{"embeddable":true,"href":"https:\/\/haberulus.net\/index.php?rest_route=\/wp\/v2\/users\/1"}],"replies":[{"embeddable":true,"href":"https:\/\/haberulus.net\/index.php?rest_route=%2Fwp%2Fv2%2Fcomments&post=91052"}],"version-history":[{"count":1,"href":"https:\/\/haberulus.net\/index.php?rest_route=\/wp\/v2\/posts\/91052\/revisions"}],"predecessor-version":[{"id":91054,"href":"https:\/\/haberulus.net\/index.php?rest_route=\/wp\/v2\/posts\/91052\/revisions\/91054"}],"wp:featuredmedia":[{"embeddable":true,"href":"https:\/\/haberulus.net\/index.php?rest_route=\/wp\/v2\/media\/91053"}],"wp:attachment":[{"href":"https:\/\/haberulus.net\/index.php?rest_route=%2Fwp%2Fv2%2Fmedia&parent=91052"}],"wp:term":[{"taxonomy":"category","embeddable":true,"href":"https:\/\/haberulus.net\/index.php?rest_route=%2Fwp%2Fv2%2Fcategories&post=91052"},{"taxonomy":"post_tag","embeddable":true,"href":"https:\/\/haberulus.net\/index.php?rest_route=%2Fwp%2Fv2%2Ftags&post=91052"}],"curies":[{"name":"wp","href":"https:\/\/api.w.org\/{rel}","templated":true}]}}