{"id":91259,"date":"2023-05-16T17:35:06","date_gmt":"2023-05-16T17:35:06","guid":{"rendered":"https:\/\/haberulus.net\/?p=91259"},"modified":"2023-05-16T17:35:06","modified_gmt":"2023-05-16T17:35:06","slug":"riza-calimbay-turkiyenin-ve-avrupanin-en-yasli-takimiyiz","status":"publish","type":"post","link":"https:\/\/haberulus.net\/?p=91259","title":{"rendered":"R\u0131za \u00c7al\u0131mbay: T\u00fcrkiye\u2019nin ve Avrupa\u2019n\u0131n en ya\u015fl\u0131 tak\u0131m\u0131y\u0131z"},"content":{"rendered":"<p>Spor Toto S\u00fcper Lig\u2019in 34\u2019\u00fcnc\u00fc haftas\u0131nda Demir Grup Sivasspor, sahas\u0131nda konuk etti\u011fi Kas\u0131mpa\u015fa\u2019ya 2-1 ma\u011flup oldu. M\u00fccadelenin ard\u0131ndan Sivasspor Teknik Direkt\u00f6r\u00fc R\u0131za \u00c7al\u0131mbay de\u011ferlendirmelerde bulundu.<\/p>\n<p>Sivassspor Teknik Direkt\u00f6r\u00fc R\u0131za \u00c7al\u0131mbay, ma\u00e7\u0131 kazanmak i\u00e7in sahaya \u00e7\u0131kt\u0131klar\u0131n\u0131 belirterek, \u015fu ifadeleri kulland\u0131:<\/p>\n<p>\u201cBug\u00fcn b\u00fct\u00fcn amac\u0131m\u0131z ma\u00e7\u0131 kazanmakt\u0131. Ge\u00e7en hafta da beklemedi\u011fimiz ma\u011flubiyet oldu. \u00d6zellikle Yatabare\u2019nin k\u0131rm\u0131z\u0131 kart\u0131. Yapmamam\u0131z gereken \u015feyler oldu. Bizim i\u00e7in s\u0131k\u0131nt\u0131l\u0131 oldu. Bug\u00fcn ne olursa olsun kazanmak i\u00e7in yapacak \u015fekilde haz\u0131rland\u0131k. Ma\u00e7\u0131n ba\u015f\u0131nda istedi\u011fimiz gibi oynayamad\u0131k. Benim en \u00e7ok \u00fcz\u00fcld\u00fc\u011f\u00fcm ma\u00e7lardan biri oldu. \u00d6zellikle ikinci yar\u0131 \u00e7ok pozisyona girdik. Bunlar\u0131 de\u011ferlendiremedik. Son dakikalarda buldu\u011fumuz bir gol var. \u0130kinci yar\u0131 ger\u00e7ekten iyi pozisyonlara girdik. Onlar\u0131 de\u011ferlendirsek beraberlik veya galip gelebilirdik. Ke\u015fke ilk gol\u00fc biz atabilseydik. \u0130lk yar\u0131 Kas\u0131mpa\u015fa\u2019n\u0131n 1-2 pozisyonu vard\u0131. Oyun \u00fcst\u00fcnl\u00fc\u011f\u00fcn\u00fc yakalam\u0131\u015ft\u0131k. Her zamanki gibi beklenmedik goller yedik. \u00dczg\u00fcn\u00fcz ama \u00f6n\u00fcm\u00fczde kritik ma\u00e7lar\u0131m\u0131z var. Sezon ba\u015f\u0131ndan beri s\u00fcrekli ma\u00e7 oynuyoruz. Hem lig, hem Avrupa kupas\u0131 hem T\u00fcrkiye Kupas\u0131 oynuyoruz. Tabi ki oyuncularda yorgunluk ve b\u0131kk\u0131nl\u0131k olabilir. \u015eu ma\u00e7 bizim i\u00e7in hayati derecede \u00f6nemliydi ama golleri atamay\u0131nca bu skorla ma\u00e7\u0131 bitirdik. T\u00fcrkiye\u2019nin ve Avrupa\u2019n\u0131n en ya\u015fl\u0131 tak\u0131m\u0131y\u0131z. Bu da sonu\u00e7lar\u0131 etkiliyor.\u201d<\/p>\n<p><b>\u201cYETER K\u0130 \u00c7IKSIN, GEN\u00c7 OYUNCUYU B\u0130Z ALIP OYNATIRIZ\u201d<\/b><\/p>\n<p>R\u0131za \u00c7al\u0131mbay, gen\u00e7 oyunculara \u015fans verilmesi y\u00f6n\u00fcndeki soru \u00fczerine de \u201cSezon ba\u015f\u0131 kamp\u0131na gen\u00e7 oyuncular\u0131 da g\u00f6t\u00fcr\u00fcyoruz. Yeter ki \u00e7\u0131ks\u0131n, gen\u00e7 oyuncu biz al\u0131p oynat\u0131r\u0131z. Emre s\u00fcrekli milli tak\u0131mlara gitti. Bundan sonraki haftalarda da Antalya\u2019da \u015fampiyonadayd\u0131. \u0130zin verdik. F\u0131rsat bulduk\u00e7a oynatmaya \u00e7al\u0131\u015f\u0131yoruz. Onun d\u0131\u015f\u0131nda da iyi oyuncular var. Bundan sonra art\u0131k tak\u0131m\u0131n oyuncusu oldu ve oynayacak\u201d diye konu\u015ftu.<\/p>\n<p>R\u0131za \u00c7al\u0131mbay \u00f6zellikle bu sezon taraftarlar\u0131n tak\u0131m\u0131 ma\u00e7larda yaln\u0131z b\u0131rakmas\u0131ndan dolay\u0131 \u00fczg\u00fcn olduklar\u0131n\u0131 da dile getirdi.<\/p>\n","protected":false},"excerpt":{"rendered":"<p>Sivasspor Teknik Direkt\u00f6r\u00fc R\u0131za \u00c7al\u0131mbay, Kas\u0131mpa\u015fa ma\u00e7\u0131n\u0131n ard\u0131ndan yapt\u0131\u011f\u0131 a\u00e7\u0131klamada &#8220;T\u00fcrkiye&#8217;nin ve Avrupa&#8217;n\u0131n en ya\u015fl\u0131 tak\u0131m\u0131y\u0131z. Bu da sonu\u00e7lar\u0131 etkiliyor&#8221; ifadesini kulland\u0131.<\/p>\n","protected":false},"author":1,"featured_media":91260,"comment_status":"closed","ping_status":"open","sticky":false,"template":"","format":"standard","meta":{"footnotes":""},"categories":[31],"tags":[290,203],"class_list":["post-91259","post","type-post","status-publish","format-standard","has-post-thumbnail","hentry","category-spor","tag-mac","tag-oyun"],"_links":{"self":[{"href":"https:\/\/haberulus.net\/index.php?rest_route=\/wp\/v2\/posts\/91259","targetHints":{"allow":["GET"]}}],"collection":[{"href":"https:\/\/haberulus.net\/index.php?rest_route=\/wp\/v2\/posts"}],"about":[{"href":"https:\/\/haberulus.net\/index.php?rest_route=\/wp\/v2\/types\/post"}],"author":[{"embeddable":true,"href":"https:\/\/haberulus.net\/index.php?rest_route=\/wp\/v2\/users\/1"}],"replies":[{"embeddable":true,"href":"https:\/\/haberulus.net\/index.php?rest_route=%2Fwp%2Fv2%2Fcomments&post=91259"}],"version-history":[{"count":1,"href":"https:\/\/haberulus.net\/index.php?rest_route=\/wp\/v2\/posts\/91259\/revisions"}],"predecessor-version":[{"id":91261,"href":"https:\/\/haberulus.net\/index.php?rest_route=\/wp\/v2\/posts\/91259\/revisions\/91261"}],"wp:featuredmedia":[{"embeddable":true,"href":"https:\/\/haberulus.net\/index.php?rest_route=\/wp\/v2\/media\/91260"}],"wp:attachment":[{"href":"https:\/\/haberulus.net\/index.php?rest_route=%2Fwp%2Fv2%2Fmedia&parent=91259"}],"wp:term":[{"taxonomy":"category","embeddable":true,"href":"https:\/\/haberulus.net\/index.php?rest_route=%2Fwp%2Fv2%2Fcategories&post=91259"},{"taxonomy":"post_tag","embeddable":true,"href":"https:\/\/haberulus.net\/index.php?rest_route=%2Fwp%2Fv2%2Ftags&post=91259"}],"curies":[{"name":"wp","href":"https:\/\/api.w.org\/{rel}","templated":true}]}}