{"id":91614,"date":"2023-05-17T10:25:04","date_gmt":"2023-05-17T10:25:04","guid":{"rendered":"https:\/\/haberulus.net\/?p=91614"},"modified":"2023-05-17T10:25:04","modified_gmt":"2023-05-17T10:25:04","slug":"30-yasindan-once-kilo-alan-erkeklerde-prostat-kanseri-riski-artiyor","status":"publish","type":"post","link":"https:\/\/haberulus.net\/?p=91614","title":{"rendered":"30 ya\u015f\u0131ndan \u00f6nce kilo alan erkeklerde prostat kanseri riski art\u0131yor"},"content":{"rendered":"<p>\u0130sve\u00e7li bilim insanlar\u0131 taraf\u0131ndan yap\u0131lan bir ara\u015ft\u0131rma, 30 ya\u015f\u0131na gelmeden kilo alan erkeklerin ileriki ya\u015famlar\u0131nda prostat kanserinden \u00f6lme olas\u0131l\u0131klar\u0131n\u0131n \u00f6nemli \u00f6l\u00e7\u00fcde daha y\u00fcksek oldu\u011funu g\u00f6sterdi.<\/p>\n<p>Times\u2019\u0131n haberine g\u00f6re, \u0130sve\u00e7\u2019teki Lund \u00dcniversitesi taraf\u0131ndan yap\u0131lan ara\u015ft\u0131rmada, ortalama 43 y\u0131l boyunca <span><span>258.477 erkek takip edildi ve kilo alman\u0131n prostat kanseri geli\u015ftirme ve agresif olma riskini art\u0131rd\u0131\u011f\u0131 bulundu. Bu d\u00f6nemde ortalama 70 ya\u015f\u0131nda 23.348 ki\u015fiye prostat kanseri te\u015fhisi kondu ve 4.790 ki\u015fi hastal\u0131ktan \u00f6ld\u00fc.<\/span><\/span><\/p>\n<p><span>17 ila 29 ya\u015flar\u0131 aras\u0131nda y\u0131lda 1 kg almak, agresif prostat kanseri te\u015fhisi riskini y\u00fczde 13 art\u0131r\u0131yor. Ayn\u0131 zamanda, kilosu sabit kalan erkeklerle kar\u015f\u0131la\u015ft\u0131r\u0131ld\u0131\u011f\u0131nda da, prostat kanserinden \u00f6lme riskinin y\u00fczde 27 daha fazla olmas\u0131na yol a\u00e7\u0131yor.\u00a0<\/span><span>Benzer bir artm\u0131\u015f risk, ya\u015famlar\u0131 boyunca yava\u015f yava\u015f kilo alan erkekler i\u00e7in de ge\u00e7erli \u00e7\u0131kt\u0131.<\/span><\/p>\n<p><b>HER SEK\u0130Z ERKEKTEN B\u0130R\u0130NDE\u2026<\/b><\/p>\n<p><span>\u0130rlanda\u2019n\u0131n ba\u015fkenti Dublin\u2019deki Avrupa Obezite Kongresi\u2019nde sunulan \u00e7al\u0131\u015fma, a\u015f\u0131r\u0131 v\u00fccut ya\u011f\u0131n\u0131n h\u0131zla yay\u0131lan agresif prostat t\u00fcm\u00f6rlerinin b\u00fcy\u00fcmesini tetikleyebilece\u011fini s\u00f6yledi. Lund \u00dcniversitesi\u2019nden \u00e7al\u0131\u015fman\u0131n ba\u015f yazar\u0131 Marisa da Silva, \u201cGen\u00e7 erkeklerde ani kilo art\u0131\u015f\u0131n\u0131 \u00f6nlemek, prostat kanserini \u00f6nlemek i\u00e7in zorunludur.\u201d dedi.<\/span><\/p>\n<p><span>Birle\u015fik Krall\u0131k\u2019ta erkeklerde en s\u0131k g\u00f6r\u00fclen kanser olan prostat kanseri, her sekiz erkekten birinde te\u015fhis edilirken toplamda y\u0131lda 52.000 vaka ve 12.000 \u00f6l\u00fcm g\u00f6r\u00fcl\u00fcyor.<\/span><\/p>\n<p><span>Esas olarak 50 ya\u015f\u0131n \u00fczerindeki erkekleri etkiler ve ya\u015fla birlikte risk artar. Erkeklerde prostat kanseri te\u015fhisi konulan en yayg\u0131n ya\u015f ise 70 ile 74 aras\u0131ndad\u0131r.<\/span><\/p>\n","protected":false},"excerpt":{"rendered":"<p>Yap\u0131lan kapsaml\u0131 bir ara\u015ft\u0131rma, obezite ile y\u0131lda 12.000 ki\u015fiyi \u00f6ld\u00fcren prostat kanseri aras\u0131ndaki ba\u011flant\u0131y\u0131 ortaya \u00e7\u0131kard\u0131.<\/p>\n","protected":false},"author":1,"featured_media":91615,"comment_status":"closed","ping_status":"open","sticky":false,"template":"","format":"standard","meta":{"footnotes":""},"categories":[30],"tags":[827,243,11954,161,556],"class_list":["post-91614","post","type-post","status-publish","format-standard","has-post-thumbnail","hentry","category-saglik","tag-erkek","tag-kilo","tag-prostat-kanseri","tag-risk","tag-yas"],"_links":{"self":[{"href":"https:\/\/haberulus.net\/index.php?rest_route=\/wp\/v2\/posts\/91614","targetHints":{"allow":["GET"]}}],"collection":[{"href":"https:\/\/haberulus.net\/index.php?rest_route=\/wp\/v2\/posts"}],"about":[{"href":"https:\/\/haberulus.net\/index.php?rest_route=\/wp\/v2\/types\/post"}],"author":[{"embeddable":true,"href":"https:\/\/haberulus.net\/index.php?rest_route=\/wp\/v2\/users\/1"}],"replies":[{"embeddable":true,"href":"https:\/\/haberulus.net\/index.php?rest_route=%2Fwp%2Fv2%2Fcomments&post=91614"}],"version-history":[{"count":1,"href":"https:\/\/haberulus.net\/index.php?rest_route=\/wp\/v2\/posts\/91614\/revisions"}],"predecessor-version":[{"id":91616,"href":"https:\/\/haberulus.net\/index.php?rest_route=\/wp\/v2\/posts\/91614\/revisions\/91616"}],"wp:featuredmedia":[{"embeddable":true,"href":"https:\/\/haberulus.net\/index.php?rest_route=\/wp\/v2\/media\/91615"}],"wp:attachment":[{"href":"https:\/\/haberulus.net\/index.php?rest_route=%2Fwp%2Fv2%2Fmedia&parent=91614"}],"wp:term":[{"taxonomy":"category","embeddable":true,"href":"https:\/\/haberulus.net\/index.php?rest_route=%2Fwp%2Fv2%2Fcategories&post=91614"},{"taxonomy":"post_tag","embeddable":true,"href":"https:\/\/haberulus.net\/index.php?rest_route=%2Fwp%2Fv2%2Ftags&post=91614"}],"curies":[{"name":"wp","href":"https:\/\/api.w.org\/{rel}","templated":true}]}}