{"id":91617,"date":"2023-05-17T10:25:05","date_gmt":"2023-05-17T10:25:05","guid":{"rendered":"https:\/\/haberulus.net\/?p=91617"},"modified":"2023-05-17T10:25:05","modified_gmt":"2023-05-17T10:25:05","slug":"italyada-sel-felaketi-can-aldi","status":"publish","type":"post","link":"https:\/\/haberulus.net\/?p=91617","title":{"rendered":"\u0130talya\u2019da sel felaketi can ald\u0131"},"content":{"rendered":"<p>\u0130talyan devlet televizyonun haber kanal\u0131 Rainews24\u2019\u00fcn haberinde, Emilia Romagna b\u00f6lgesini d\u00fcnden bu yana ciddi \u015fekilde etkileyen sel felaketinde en az 3 ki\u015finin ya\u015fam\u0131n\u0131 yitirdi\u011fi, 3 ki\u015finin de kay\u0131p oldu\u011fu belirtildi. Sabah saatlerinde bulunan 3. ki\u015finin cesedinin Alman bir kad\u0131na ait oldu\u011fu aktar\u0131ld\u0131.<\/p>\n<div> <\/div>\n<p>\u00a0<\/p>\n<p>B\u00f6lgedeki 14 nehir ve derenin yo\u011fun ya\u011f\u0131\u015f neticesinde ta\u015ft\u0131\u011f\u0131 aktar\u0131l\u0131rken, Faenza, Cesena ve Riccione gibi kentlerde cadde ve sokaklar\u0131n sel sular\u0131yla kapland\u0131\u011f\u0131 g\u00f6r\u00fcld\u00fc. B\u00f6lgede ileti\u015fimde ciddi aksakl\u0131lar\u0131n kaydedildi\u011fi, pek \u00e7ok yerde de elektrik kesintilerinin ya\u015fand\u0131\u011f\u0131 ve durumu kritik baz\u0131 yerlerde okullarda e\u011fitim-\u00f6\u011fretime ara verildi\u011fi ifade edildi.<\/p>\n<p>Sivil Savunma, selden etkilenen b\u00f6lgenin \u00e7ok geni\u015f oldu\u011funu ve kurtarma ekipleri i\u00e7in de riskler bar\u0131nd\u0131rd\u0131\u011f\u0131n\u0131 belirtti. Bolonya Belediyesi, yay\u0131mlad\u0131\u011f\u0131 duyuruyla halktan binalar\u0131n\u0131n \u00fcst katlar\u0131na \u00e7\u0131kmalar\u0131n\u0131 tavsiye ederken, kesinlikle bodrum kat\u0131, garaj gibi zemin ve alt\u0131ndaki yerlere inmemelerini istedi.<\/p>\n<p>Denizcilik ve Sivil Savunma Bakan\u0131 Nello Musumeci, Emilia-Romagna b\u00f6lgesi i\u00e7inde en az 5 bin ki\u015finin tahliye edildi\u011fi bilgisini payla\u015ft\u0131. \u0130\u00e7i\u015fleri Bakan\u0131 Matteo Piantedosi\u2019nin bug\u00fcn \u00f6\u011fle saatlerinde b\u00f6lgeye giderek incelemelerde bulunaca\u011f\u0131 kaydedildi.<\/p>\n<p>Ba\u015fbakan Yard\u0131mc\u0131s\u0131 ve D\u0131\u015fi\u015fleri Bakan\u0131 Antonio Tajani de Twitter\u2019daki payla\u015f\u0131m\u0131nda Emilia Romagna\u2019da selden etkilenen yerler i\u00e7in h\u00fck\u00fcmetin gerekeni yapaca\u011f\u0131n\u0131, hayat\u0131n\u0131 kaybedenler i\u00e7in dua etti\u011fini ifade etti.<\/p>\n<p>\u00dclkede Emilia-Romagna b\u00f6lgesi may\u0131s ba\u015f\u0131nda da \u015fiddetli ya\u011f\u0131\u015flar\u0131n yol a\u00e7t\u0131\u011f\u0131 sellerden etkilenmi\u015f, sel ve toprak kaymas\u0131nda 2 ki\u015fi hayat\u0131n\u0131 kaybetmi\u015fti. (AA)<\/p>\n","protected":false},"excerpt":{"rendered":"<p>\u0130talya&#8217;n\u0131n orta kuzey kesimindeki Emilia Romagna b\u00f6lgesinde yo\u011fun ya\u011f\u0131\u015flar\u0131n ard\u0131ndan meydana gelen sellerde en az 3 ki\u015finin hayat\u0131n\u0131 kaybetti\u011fi bildirildi.<\/p>\n","protected":false},"author":1,"featured_media":91618,"comment_status":"closed","ping_status":"open","sticky":false,"template":"","format":"standard","meta":{"footnotes":""},"categories":[24],"tags":[89],"class_list":["post-91617","post","type-post","status-publish","format-standard","has-post-thumbnail","hentry","category-dunya","tag-sel"],"_links":{"self":[{"href":"https:\/\/haberulus.net\/index.php?rest_route=\/wp\/v2\/posts\/91617","targetHints":{"allow":["GET"]}}],"collection":[{"href":"https:\/\/haberulus.net\/index.php?rest_route=\/wp\/v2\/posts"}],"about":[{"href":"https:\/\/haberulus.net\/index.php?rest_route=\/wp\/v2\/types\/post"}],"author":[{"embeddable":true,"href":"https:\/\/haberulus.net\/index.php?rest_route=\/wp\/v2\/users\/1"}],"replies":[{"embeddable":true,"href":"https:\/\/haberulus.net\/index.php?rest_route=%2Fwp%2Fv2%2Fcomments&post=91617"}],"version-history":[{"count":1,"href":"https:\/\/haberulus.net\/index.php?rest_route=\/wp\/v2\/posts\/91617\/revisions"}],"predecessor-version":[{"id":91619,"href":"https:\/\/haberulus.net\/index.php?rest_route=\/wp\/v2\/posts\/91617\/revisions\/91619"}],"wp:featuredmedia":[{"embeddable":true,"href":"https:\/\/haberulus.net\/index.php?rest_route=\/wp\/v2\/media\/91618"}],"wp:attachment":[{"href":"https:\/\/haberulus.net\/index.php?rest_route=%2Fwp%2Fv2%2Fmedia&parent=91617"}],"wp:term":[{"taxonomy":"category","embeddable":true,"href":"https:\/\/haberulus.net\/index.php?rest_route=%2Fwp%2Fv2%2Fcategories&post=91617"},{"taxonomy":"post_tag","embeddable":true,"href":"https:\/\/haberulus.net\/index.php?rest_route=%2Fwp%2Fv2%2Ftags&post=91617"}],"curies":[{"name":"wp","href":"https:\/\/api.w.org\/{rel}","templated":true}]}}