{"id":91635,"date":"2023-05-17T10:51:03","date_gmt":"2023-05-17T10:51:03","guid":{"rendered":"https:\/\/haberulus.net\/?p=91635"},"modified":"2023-05-17T10:51:03","modified_gmt":"2023-05-17T10:51:03","slug":"taksimde-cektigi-videoyla-tepki-ceken-lubnanli-yakalandi","status":"publish","type":"post","link":"https:\/\/haberulus.net\/?p=91635","title":{"rendered":"Taksim\u2019de \u00e7ekti\u011fi videoyla tepki \u00e7eken L\u00fcbnanl\u0131 yakaland\u0131"},"content":{"rendered":"<p>L\u00fcbnan uyruklu \u0130brahim H.&#8217;nin Taksim&#8217;de \u00e7ekti\u011fi ve Tiktok \u00fczerinden payla\u015ft\u0131\u011f\u0131 video tepkilere sebep olmu\u015ftu. Arap\u00e7a olarak T\u00fcrk kad\u0131nlar\u0131na hakaret etti\u011fi \u00f6ne s\u00fcr\u00fclen \u0130brahim H.&#8217;nin payla\u015f\u0131m\u0131 \u00fczerine savc\u0131l\u0131k harekete ge\u00e7mi\u015f, soru\u015fturma ba\u015flat\u0131lm\u0131\u015ft\u0131. Polis, Ba\u011fc\u0131lar&#8217;daki adresini belirledi\u011fi \u0130brahim H.\u2019yi g\u00f6zalt\u0131na ald\u0131.<\/p>\n<p><strong>ADL\u0130 KONTROLLE SERBEST KALDI<\/strong><\/p>\n<p>Hakk\u0131nda \u201cKin ve d\u00fc\u015fmanl\u0131\u011fa tahrik\u201d su\u00e7undan i\u015flem yap\u0131lan \u0130brahim H.&#8217;nin ifadesinde, hakaret ama\u00e7l\u0131 bir payla\u015f\u0131m yapmad\u0131\u011f\u0131n\u0131, kendisini takip edenleri uyarmak i\u00e7in video \u00e7ekti\u011fini s\u00f6yledi\u011fi \u00f6\u011frenildi. Emniyetteki i\u015flemlerin ard\u0131ndan adliyeye sevk edilen \u015f\u00fcpheli adli kontrol \u015fart\u0131yla serbest kald\u0131.<\/p>\n","protected":false},"excerpt":{"rendered":"<p>\u0130stanbul Beyo\u011flu\u2019nda \u00e7ekti\u011fi videoda, kad\u0131nlara Arap\u00e7a hakaret etti\u011fi iddia edilen L\u00fcbnanl\u0131 \u0130brahim H., g\u00f6zalt\u0131na al\u0131nd\u0131. \u015e\u00fcphelinin ifadesinde, kad\u0131nlara hakaret etmedi\u011fini, \u00fclkesindeki takip\u00e7ilerini doland\u0131r\u0131lmamalar\u0131 i\u00e7in uyard\u0131\u011f\u0131n\u0131 ileri s\u00fcrd\u00fc\u011f\u00fc belirtiliyor.\u00a0 \u0130brahim H., adli kontrol \u015fart\u0131yla serbest kald\u0131.<\/p>\n","protected":false},"author":1,"featured_media":91636,"comment_status":"closed","ping_status":"open","sticky":false,"template":"","format":"standard","meta":{"footnotes":""},"categories":[26],"tags":[],"class_list":["post-91635","post","type-post","status-publish","format-standard","has-post-thumbnail","hentry","category-gundem"],"_links":{"self":[{"href":"https:\/\/haberulus.net\/index.php?rest_route=\/wp\/v2\/posts\/91635","targetHints":{"allow":["GET"]}}],"collection":[{"href":"https:\/\/haberulus.net\/index.php?rest_route=\/wp\/v2\/posts"}],"about":[{"href":"https:\/\/haberulus.net\/index.php?rest_route=\/wp\/v2\/types\/post"}],"author":[{"embeddable":true,"href":"https:\/\/haberulus.net\/index.php?rest_route=\/wp\/v2\/users\/1"}],"replies":[{"embeddable":true,"href":"https:\/\/haberulus.net\/index.php?rest_route=%2Fwp%2Fv2%2Fcomments&post=91635"}],"version-history":[{"count":1,"href":"https:\/\/haberulus.net\/index.php?rest_route=\/wp\/v2\/posts\/91635\/revisions"}],"predecessor-version":[{"id":91637,"href":"https:\/\/haberulus.net\/index.php?rest_route=\/wp\/v2\/posts\/91635\/revisions\/91637"}],"wp:featuredmedia":[{"embeddable":true,"href":"https:\/\/haberulus.net\/index.php?rest_route=\/wp\/v2\/media\/91636"}],"wp:attachment":[{"href":"https:\/\/haberulus.net\/index.php?rest_route=%2Fwp%2Fv2%2Fmedia&parent=91635"}],"wp:term":[{"taxonomy":"category","embeddable":true,"href":"https:\/\/haberulus.net\/index.php?rest_route=%2Fwp%2Fv2%2Fcategories&post=91635"},{"taxonomy":"post_tag","embeddable":true,"href":"https:\/\/haberulus.net\/index.php?rest_route=%2Fwp%2Fv2%2Ftags&post=91635"}],"curies":[{"name":"wp","href":"https:\/\/api.w.org\/{rel}","templated":true}]}}