{"id":91647,"date":"2023-05-17T11:07:03","date_gmt":"2023-05-17T11:07:03","guid":{"rendered":"https:\/\/haberulus.net\/?p=91647"},"modified":"2023-05-17T11:07:03","modified_gmt":"2023-05-17T11:07:03","slug":"almanyada-sabah-avrupa-gazetesinin-ofisine-baskin","status":"publish","type":"post","link":"https:\/\/haberulus.net\/?p=91647","title":{"rendered":"Almanya\u2019da Sabah Avrupa gazetesinin ofisine bask\u0131n"},"content":{"rendered":"<p>Alman polisinin, Sabah gazetesinin Avrupa haberleri merkezinin bulundu\u011fu Frankfurt ofisine bask\u0131n d\u00fczenledi\u011fi ve Almanya Temsilcisi \u0130smail Erel ve Haber M\u00fcd\u00fcr\u00fc Cemil Albay\u2019\u0131 g\u00f6zalt\u0131na ald\u0131\u011f\u0131 bildirildi.<\/p>\n<p>Sabah gazetesi kaynaklar\u0131ndan al\u0131nan bilgiye g\u00f6re Alman polisi, \u0130smail Erel ve Cemil Albay\u2019\u0131n evlerinde ve Sabah gazetesinin Avrupa ofisinde aramalar ger\u00e7ekle\u015ftirildi ve bilgisayarlarla telefonlara el koydu.<\/p>\n<p>Bask\u0131n\u0131n hangi ama\u00e7la yap\u0131ld\u0131\u011f\u0131 hakk\u0131nda hen\u00fcz yeterli bilgi bulunmad\u0131\u011f\u0131 aktar\u0131ld\u0131. \u0130ki gazetecinin serbest b\u0131rak\u0131lmas\u0131 i\u00e7in D\u0131\u015fi\u015fleri Bakanl\u0131\u011f\u0131 ve meslek \u00f6rg\u00fctlerinin devreye girdikleri \u00f6\u011frenildi.<\/p>\n<p>Diplomatik kaynaklar, iki gazetecinin g\u00f6zalt\u0131na al\u0131nmas\u0131n\u0131n bas\u0131n \u00f6zg\u00fcrl\u00fc\u011f\u00fc y\u00f6n\u00fcnden kabul edilemez oldu\u011funu ve bunun Alman makamlar\u0131na iletildi\u011fini bildirdi. Kaynaklar, konunun hem Ankara\u2019da hem de Berlin\u2019de protesto konusu yap\u0131ld\u0131\u011f\u0131n\u0131, gazetecilere y\u00f6nelik muamelenin kabul edilemez oldu\u011funu ve gazetecilerin serbest b\u0131rak\u0131lmas\u0131 i\u00e7in Alman makamlar\u0131yla \u00fcst d\u00fczey g\u00f6r\u00fc\u015fmelerin s\u00fcrd\u00fc\u011f\u00fcn\u00fc kaydetti. (AA)<\/p>\n","protected":false},"excerpt":{"rendered":"<p>Alman polisi, Sabah Avrupa gazetesinin ofisini bast\u0131, iki gazeteciyi g\u00f6zalt\u0131na ald\u0131.<\/p>\n","protected":false},"author":1,"featured_media":91648,"comment_status":"closed","ping_status":"open","sticky":false,"template":"","format":"standard","meta":{"footnotes":""},"categories":[24],"tags":[688],"class_list":["post-91647","post","type-post","status-publish","format-standard","has-post-thumbnail","hentry","category-dunya","tag-alman"],"_links":{"self":[{"href":"https:\/\/haberulus.net\/index.php?rest_route=\/wp\/v2\/posts\/91647","targetHints":{"allow":["GET"]}}],"collection":[{"href":"https:\/\/haberulus.net\/index.php?rest_route=\/wp\/v2\/posts"}],"about":[{"href":"https:\/\/haberulus.net\/index.php?rest_route=\/wp\/v2\/types\/post"}],"author":[{"embeddable":true,"href":"https:\/\/haberulus.net\/index.php?rest_route=\/wp\/v2\/users\/1"}],"replies":[{"embeddable":true,"href":"https:\/\/haberulus.net\/index.php?rest_route=%2Fwp%2Fv2%2Fcomments&post=91647"}],"version-history":[{"count":1,"href":"https:\/\/haberulus.net\/index.php?rest_route=\/wp\/v2\/posts\/91647\/revisions"}],"predecessor-version":[{"id":91649,"href":"https:\/\/haberulus.net\/index.php?rest_route=\/wp\/v2\/posts\/91647\/revisions\/91649"}],"wp:featuredmedia":[{"embeddable":true,"href":"https:\/\/haberulus.net\/index.php?rest_route=\/wp\/v2\/media\/91648"}],"wp:attachment":[{"href":"https:\/\/haberulus.net\/index.php?rest_route=%2Fwp%2Fv2%2Fmedia&parent=91647"}],"wp:term":[{"taxonomy":"category","embeddable":true,"href":"https:\/\/haberulus.net\/index.php?rest_route=%2Fwp%2Fv2%2Fcategories&post=91647"},{"taxonomy":"post_tag","embeddable":true,"href":"https:\/\/haberulus.net\/index.php?rest_route=%2Fwp%2Fv2%2Ftags&post=91647"}],"curies":[{"name":"wp","href":"https:\/\/api.w.org\/{rel}","templated":true}]}}