{"id":91665,"date":"2023-05-17T11:37:06","date_gmt":"2023-05-17T11:37:06","guid":{"rendered":"https:\/\/haberulus.net\/?p=91665"},"modified":"2023-05-17T11:37:06","modified_gmt":"2023-05-17T11:37:06","slug":"buyuk-ses-getirmisti-kayip-kiz-6-yil-sonra-bulundu","status":"publish","type":"post","link":"https:\/\/haberulus.net\/?p=91665","title":{"rendered":"B\u00fcy\u00fck ses getirmi\u015fti: Kay\u0131p k\u0131z 6 y\u0131l sonra bulundu"},"content":{"rendered":"<p>ABD\u2019de 2017 y\u0131l\u0131nda 9 ya\u015f\u0131ndayken annesi taraf\u0131ndan ka\u00e7\u0131r\u0131lan ve o d\u00f6nem televizyon programlar\u0131na konu olan Kayla Unbehaun bulundu. \u015eu anda 15 ya\u015f\u0131nda olan gen\u00e7 k\u0131z\u0131n iyi durumda oldu\u011fu belirtildi.<\/p>\n<p>ABD mahkemesi 2017 y\u0131l\u0131nda Kayla\u2019n\u0131n velayetini baba Ryan\u2019a vermi\u015f ancak anne Heather, Kayla\u2019y\u0131 alarak kay\u0131plara kar\u0131\u015fm\u0131\u015ft\u0131. Medyan\u0131n yo\u011fun ilgisi sonras\u0131nda Kayla hakk\u0131nda televizyon program\u0131 yap\u0131lm\u0131\u015f ancak k\u00fc\u00e7\u00fck k\u0131zdan \u00fcmit kesilmi\u015fti.<\/p>\n<p>ABD merkezli Ulusal Kay\u0131p ve \u0130stismara U\u011frayan \u00c7ocuklar Merkezi (NCMEC) d\u00fcn, 6 y\u0131ld\u0131r kay\u0131p olan Kayla\u2019n\u0131n bulunma haberini \u201cNCMEC, Kayla Unbehaun\u2019un Kuzey Carolina\u2019da g\u00fcvende bulundu\u011funu payla\u015fmaktan heyecan duyuyor! Kayla, 5 Temmuz 2017\u2019de South Elgin, Illinois\u2019den velayeti kendisinde olmayan annesi Heather Unbehaun taraf\u0131ndan ka\u00e7\u0131r\u0131ld\u0131\u011f\u0131nda sadece 9 ya\u015f\u0131ndayd\u0131\u201d ifadeleriyle duyurdu.<\/p>\n<p>Polis, benzer kay\u0131p olaylar\u0131nda bir ki\u015finin bulunmas\u0131n\u0131n son derece nadir oldu\u011funu vurgulayarak Kayla\u2019n\u0131n annesinin, ma\u011fazada bir \u00e7al\u0131\u015fan taraf\u0131ndan tan\u0131narak tespit edildi\u011fini belirtti.<\/p>\n<p>Kayla\u2019n\u0131n bulunmas\u0131 i\u00e7in ad\u0131na bir sosyal medya sayfas\u0131 olu\u015fturan ve zaman i\u00e7inde k\u00fc\u00e7\u00fck k\u0131z\u0131n b\u00fcy\u00fck halinin ske\u00e7 resimlerini \u00e7izdiren baba Ryan, \u201cKayla\u2019n\u0131n evde g\u00fcvende olmas\u0131na \u00e7ok sevindim. South Elgin Polis Departman\u0131na, NVMEC\u2019e ve onun davas\u0131na yard\u0131mc\u0131 olan t\u00fcm kolluk kuvvetlerine te\u015fekk\u00fcr etmek istiyorum. Ayr\u0131ca Kayla\u2019y\u0131 eve getir Facebook sayfas\u0131n\u0131n hikayesinin canl\u0131 kalmas\u0131na yard\u0131mc\u0131 olan ve fark\u0131ndal\u0131\u011f\u0131n yay\u0131lmas\u0131na vesile olan t\u00fcm takip\u00e7ilerine te\u015fekk\u00fcr etmek istiyorum\u201d dedi. (DHA)<\/p>\n","protected":false},"excerpt":{"rendered":"<p>ABD&#8217;de 6 y\u0131l \u00f6nce ka\u00e7\u0131r\u0131lan ve TV programlar\u0131na konu olan k\u00fc\u00e7\u00fck k\u0131z bulundu.<\/p>\n","protected":false},"author":1,"featured_media":91666,"comment_status":"closed","ping_status":"open","sticky":false,"template":"","format":"standard","meta":{"footnotes":""},"categories":[33],"tags":[11960],"class_list":["post-91665","post","type-post","status-publish","format-standard","has-post-thumbnail","hentry","category-yasam","tag-kayla"],"_links":{"self":[{"href":"https:\/\/haberulus.net\/index.php?rest_route=\/wp\/v2\/posts\/91665","targetHints":{"allow":["GET"]}}],"collection":[{"href":"https:\/\/haberulus.net\/index.php?rest_route=\/wp\/v2\/posts"}],"about":[{"href":"https:\/\/haberulus.net\/index.php?rest_route=\/wp\/v2\/types\/post"}],"author":[{"embeddable":true,"href":"https:\/\/haberulus.net\/index.php?rest_route=\/wp\/v2\/users\/1"}],"replies":[{"embeddable":true,"href":"https:\/\/haberulus.net\/index.php?rest_route=%2Fwp%2Fv2%2Fcomments&post=91665"}],"version-history":[{"count":1,"href":"https:\/\/haberulus.net\/index.php?rest_route=\/wp\/v2\/posts\/91665\/revisions"}],"predecessor-version":[{"id":91667,"href":"https:\/\/haberulus.net\/index.php?rest_route=\/wp\/v2\/posts\/91665\/revisions\/91667"}],"wp:featuredmedia":[{"embeddable":true,"href":"https:\/\/haberulus.net\/index.php?rest_route=\/wp\/v2\/media\/91666"}],"wp:attachment":[{"href":"https:\/\/haberulus.net\/index.php?rest_route=%2Fwp%2Fv2%2Fmedia&parent=91665"}],"wp:term":[{"taxonomy":"category","embeddable":true,"href":"https:\/\/haberulus.net\/index.php?rest_route=%2Fwp%2Fv2%2Fcategories&post=91665"},{"taxonomy":"post_tag","embeddable":true,"href":"https:\/\/haberulus.net\/index.php?rest_route=%2Fwp%2Fv2%2Ftags&post=91665"}],"curies":[{"name":"wp","href":"https:\/\/api.w.org\/{rel}","templated":true}]}}