{"id":91743,"date":"2023-05-17T13:37:06","date_gmt":"2023-05-17T13:37:06","guid":{"rendered":"https:\/\/haberulus.net\/?p=91743"},"modified":"2023-05-17T13:37:06","modified_gmt":"2023-05-17T13:37:06","slug":"cagdas-bodrum-super-lig-icin-sabirsiz","status":"publish","type":"post","link":"https:\/\/haberulus.net\/?p=91743","title":{"rendered":"\u00c7a\u011fda\u015f Bodrum, S\u00fcper Lig i\u00e7in sab\u0131rs\u0131z"},"content":{"rendered":"<p>T\u00fcrkiye Basketbol Ligi\u2019nde (TBL) \u015fampiyonlu\u011fu garantileyerek kurulduktan 20 ay sonra Basketbol S\u00fcper Ligi\u2019ne \u00e7\u0131kmay\u0131 ba\u015faran \u00c7a\u011fda\u015f Bodrum Spor, yeni sezonu \u015fimdiden iple \u00e7ekiyor. S\u00fcper Lig\u2019de basketboldaki ilk Bodrum temsilcisi olacak \u00c7a\u011fda\u015f Bodrum Spor\u2019da yakalad\u0131klar\u0131 ba\u015far\u0131dan dolay\u0131 mutlu olduklar\u0131n\u0131 ifade eden Ba\u015fkan Da\u011flarca \u00c7a\u011flar, \u201cTaraftar\u0131m\u0131zla ve Bodrum halk\u0131yla hep beraber bu ba\u015far\u0131y\u0131 ger\u00e7ekle\u015ftirdik. Bizim i\u00e7in m\u00fcthi\u015f bir ba\u015far\u0131. T\u00fcrk basketbolunun son 35-40 y\u0131l\u0131na bakt\u0131\u011f\u0131m\u0131zda bu kadar h\u0131zl\u0131 bir y\u00fckseli\u015fi hi\u00e7 g\u00f6rmedim\u201d diye konu\u015ftu.<\/p>\n<p><b>\u201cO AVRUPA \u015eEH\u0130RLER\u0130NE G\u0130D\u0130P BODRUM\u2019U TEMS\u0130L ETMEK AYRI B\u0130R GURUR OLACAKTIR\u201d<\/b><\/p>\n<p>T\u00fcrkiye\u2019yi Avrupa\u2019da temsil etmek istediklerini belirten Da\u011flarca \u00c7a\u011flar, \u201cBiz 20 ay \u00f6nce bu yola ba\u015flad\u0131k ve kul\u00fcb\u00fcm\u00fcz\u00fc kurduk. 20 ayda geldi\u011fimiz nokta ger\u00e7ekten takdir edilmesi gerekiyor diye d\u00fc\u015f\u00fcn\u00fcyorum. Bunu tek ba\u015f\u0131m\u0131za de\u011fil Bodrumlularla yapt\u0131k. Bu anlamda Bodrum i\u00e7in gurur verici. Amac\u0131m\u0131z art\u0131k S\u00fcper Lig\u2019de kal\u0131c\u0131 olup, Bodrum halk\u0131na S\u00fcper Lig heyecan\u0131n\u0131 ya\u015fatmak. Altyap\u0131y\u0131 \u00e7ok \u00f6nemsiyoruz. Altyap\u0131 bu i\u015fin s\u00fcrd\u00fcr\u00fclebilir olmas\u0131nda bence en \u00f6nemli ta\u015flardan biri. Avrupa kupas\u0131 oynamak hep hayalimiz. Hemen olur, olmaz bilmiyorum ama bunu istiyoruz. Oldu\u011fu noktada m\u00fcthi\u015f bir heyecan ya\u015fataca\u011f\u0131m\u0131za eminim. Avrupa tak\u0131mlar\u0131n\u0131 Bodrum\u2019da misafir etmek o Avrupa \u015fehirlerine gidip Bodrum\u2019u temsil etmek ayr\u0131 bir gurur olacakt\u0131r. Bodrum\u2019da salon s\u0131k\u0131nt\u0131m\u0131z var. Biz ligde bu salonda devam etmek istiyoruz. TBF\u2019nin \u015fartlar\u0131 var, bunlar\u0131 tamamlay\u0131p, S\u00fcper Lig ma\u00e7lar\u0131n\u0131 burada oynayaca\u011f\u0131m\u0131za inan\u0131yoruz\u201d dedi.<\/p>\n<p><b>ENDER ARSLAN \u0130LK\u0130 BA\u015eARDI<\/b><\/p>\n<p>T\u00fcrk basketbolunun en \u00f6nemli y\u0131ld\u0131zlar\u0131ndan olup ilk antren\u00f6rl\u00fck deneyiminde \u015fampiyonluk ya\u015fayan \u00c7a\u011fda\u015f Bodrum Spor Ba\u015fantren\u00f6r\u00fc Ender Aslan, \u201cBa\u015fkan\u0131m\u0131z\u0131n ve y\u00f6netimimizin \u00e7ok ciddi bir yat\u0131r\u0131m\u0131 vard\u0131. T\u00fcrk basketbolu i\u00e7in \u00e7ok \u00f6nemli bir yat\u0131r\u0131md\u0131. Uzun y\u0131llar s\u00fcrecek ba\u015far\u0131l\u0131 olma potansiyeli \u00e7ok y\u00fcksek Bodrum\u2019da b\u00f6yle bir yat\u0131r\u0131m\u0131n, ba\u015fkan\u0131m\u0131z\u0131n ve y\u00f6ntemimizin y\u00fcz\u00fcn\u00fc kara \u00e7\u0131karmad\u0131\u011f\u0131m\u0131z i\u00e7in \u00e7ok mutluyuz. Bodrum\u2019un S\u00fcper Lig\u2019e yak\u0131\u015faca\u011f\u0131n\u0131 da d\u00fc\u015f\u00fcn\u00fcyorum. Bunun mutlulu\u011funu ve gururunu ya\u015f\u0131yoruz\u201d ifadelerini kulland\u0131.<\/p>\n<p><b>\u201cBURAYI \u00c7OK C\u0130DD\u0130, ZOR B\u0130R DEPLASMAN HAL\u0130NE GET\u0130RMEK \u0130ST\u0130YORUZ\u201d<\/b><\/p>\n<p>\u201cBizim k\u0131r\u0131lma an\u0131m\u0131z tan\u0131\u015ft\u0131\u011f\u0131m\u0131z an oldu\u201d diyen Arslan, \u201cBurada hep beraber ilk idman\u0131m\u0131zda ben ne istedi\u011fimi, oyuncular\u0131m benden ne bekleyebilece\u011fimi anlatt\u0131m. Onlar\u0131n aras\u0131ndan geldi\u011fim i\u00e7in \u00e7o\u011funu tan\u0131yorum. \u00d6n\u00fcm\u00fczdeki sezon keyifli olacak. B\u00fcy\u00fck tak\u0131mlar, tecr\u00fcbeli oyuncular Bodrum seyircisi \u00f6n\u00fcne \u00e7\u0131kacak. Buray\u0131 \u00e7ok ciddi, zor bir deplasman haline getirmek istiyoruz. Ben oyuncuyken de iddial\u0131 bir insand\u0131m ve o anlamda buray\u0131 zorlu bir deplasman haline getirip g\u00fczel i\u015flere imza ataca\u011f\u0131m\u0131za inan\u0131yorum. Bodrum\u2019un gurur duyaca\u011f\u0131 bir tak\u0131m yarataca\u011f\u0131m\u0131z\u0131 d\u00fc\u015f\u00fcn\u00fcyorum\u201d \u015feklinde konu\u015ftu.<\/p>\n<p><b>ERKAN VEYSELO\u011eLU: HEDEF S\u00dcPER L\u0130G\u2019DE KALICI OLMAK<\/b><\/p>\n<p>Kariyerinde daha \u00f6nce S\u00fcper Lig\u2019de de \u015fampiyonluk ya\u015fayan tak\u0131m kaptan\u0131 Erkan Veyselo\u011flu, \u015fimdiki hedeflerinin S\u00fcper Lig\u2019de kal\u0131c\u0131 olmak oldu\u011funu dile getirdi. Tecr\u00fcbeli basketbolcu, \u015fu ifadeleri kulland\u0131:<br \/>\u201cBunun tek bir cevab\u0131 var diyebilirim. \u0130yi bir organizasyon, iyi bir olu\u015fum bunun en b\u00fcy\u00fck fakt\u00f6r oldu\u011funu d\u00fc\u015f\u00fcn\u00fcyorum. 20 ayda buralara gelmi\u015f olmak ger\u00e7ekten \u00e7ok kolay de\u011fil. Bu sezon ve ge\u00e7en sezon beklentinin bu oldu\u011funu bilmekle beraber ka\u011f\u0131t \u00fcst\u00fcnde ne kadar g\u00fc\u00e7l\u00fc olsan\u0131z da sahada verdi\u011finiz m\u00fccadeleyle ba\u015far\u0131ya ula\u015fabiliyorsunuz. Burada \u00e7ok b\u00fcy\u00fck bir emek harcand\u0131. Taraftar\u0131nda g\u00fcnden g\u00fcne ge\u00e7en seneden ilgisi de bu ba\u015far\u0131n\u0131n yan\u0131nda art\u0131 oldu. Bodrum\u2019un da tak\u0131m\u0131 sahiplenmesi bizim i\u00e7in \u00e7ok de\u011ferliydi. M\u00fccadele \u015fimdi ba\u015fl\u0131yor. \u015eimdiki hedef S\u00fcper Lig\u2019de kal\u0131c\u0131 olmak.\u201d<\/p>\n<p><b>HAKAN YAPAR\u2019IN 8\u2019\u0130NC\u0130 ZAFER\u0130<\/b><\/p>\n<p>\u00c7a\u011fda\u015f Bodrum Spor\u2019da \u015fampiyonlu\u011fa ula\u015fan TBL\u2019nin en tecr\u00fcbeli isimlerinden Hakan Yapar, bu ligdeki 8\u2019inci zaferini ya\u015fayarak rekorunu geli\u015ftirdi. Hakan Yapar, \u201cBireysel olarak bu ba\u015far\u0131lar\u0131 kazanmak i\u00e7in seneler \u00f6nce yapt\u0131\u011f\u0131m planlar\u0131n ba\u015far\u0131l\u0131 oldu\u011funu g\u00f6steriyor. Yapt\u0131\u011f\u0131m \u00e7al\u0131\u015fman\u0131n kar\u015f\u0131l\u0131\u011f\u0131n\u0131 almak mutlu ediyor. Planlad\u0131\u011f\u0131m \u015feyin do\u011fru oldu\u011funu g\u00f6steriyor. Bireysel olarak mutlu ve gururluyum. Sa\u011fl\u0131kl\u0131 kald\u0131\u011f\u0131m s\u00fcrece sahada olmak istiyorum. Burada \u00e7ok ciddi bir organizasyon kuruldu. \u0130kinci senesinde S\u00fcper Lig\u2019e \u00e7\u0131kt\u0131. Tarihte belki de bunu ba\u015farabilen ba\u015fka tak\u0131m yok. O y\u00fczden \u015fampiyonlu\u011fun ayr\u0131 bir anlam\u0131 var. Ba\u015far\u0131da pay\u0131m\u0131z oldu\u011fu i\u00e7in \u00e7ok mutluyuz. Sene ba\u015f\u0131ndan beri hedefimiz buydu\u201d dedi.<\/p>\n<p><b>WARREN\u2019IN KUPA SEV\u0130NC\u0130<\/b><\/p>\n<p>T\u00fcrkiye\u2019de daha \u00f6nce S\u00fcper Lig\u2019de forma giyen tak\u0131m\u0131n y\u0131ld\u0131zlar\u0131ndan Chris Warren, \u201cSahaya \u00e7\u0131kt\u0131\u011f\u0131m\u0131z zaman ger\u00e7ekten taraftar\u0131m\u0131z\u0131n deste\u011fini hissetmek bizlere destek vermesi \u00e7ok b\u00fcy\u00fck mutluluk. Tak\u0131m olarak \u015fampiyonlu\u011fa inand\u0131k. Hedef koyduk ve hedefimizi ger\u00e7ekle\u015ftirdik. Ba\u015fka tak\u0131mlarda bu hedefleri \u00e7ok koymak m\u00fcmk\u00fcn de\u011fil ama biz bu hedefleri ger\u00e7ekle\u015ftirdik\u201d ifadelerini kulland\u0131.<br \/>Ege\u2019nin S\u00fcper Lig\u2019deki 5\u2019inci temsilcisi olacak \u00c7a\u011fda\u015f Bodrum, kupas\u0131na pazar g\u00fcn\u00fc evinde oynayaca\u011f\u0131 Finalspor ma\u00e7\u0131nda kavu\u015facak.<\/p>\n","protected":false},"excerpt":{"rendered":"<p>T\u00fcrkiye Basketbol Ligi&#8217;nde (TBL) \u015fampiyonlu\u011fu garantileyerek kurulduktan 20 ay sonra Basketbol S\u00fcper Ligi&#8217;ne \u00e7\u0131kmay\u0131 ba\u015faran \u00c7a\u011fda\u015f Bodrum Spor, yeni sezonu \u015fimdiden iple \u00e7ekiyor.<\/p>\n","protected":false},"author":1,"featured_media":91744,"comment_status":"closed","ping_status":"open","sticky":false,"template":"","format":"standard","meta":{"footnotes":""},"categories":[31],"tags":[5101,144,1240,1735,192],"class_list":["post-91743","post","type-post","status-publish","format-standard","has-post-thumbnail","hentry","category-spor","tag-basketbol","tag-bodrum","tag-hedef","tag-mutlu","tag-takim"],"_links":{"self":[{"href":"https:\/\/haberulus.net\/index.php?rest_route=\/wp\/v2\/posts\/91743","targetHints":{"allow":["GET"]}}],"collection":[{"href":"https:\/\/haberulus.net\/index.php?rest_route=\/wp\/v2\/posts"}],"about":[{"href":"https:\/\/haberulus.net\/index.php?rest_route=\/wp\/v2\/types\/post"}],"author":[{"embeddable":true,"href":"https:\/\/haberulus.net\/index.php?rest_route=\/wp\/v2\/users\/1"}],"replies":[{"embeddable":true,"href":"https:\/\/haberulus.net\/index.php?rest_route=%2Fwp%2Fv2%2Fcomments&post=91743"}],"version-history":[{"count":1,"href":"https:\/\/haberulus.net\/index.php?rest_route=\/wp\/v2\/posts\/91743\/revisions"}],"predecessor-version":[{"id":91745,"href":"https:\/\/haberulus.net\/index.php?rest_route=\/wp\/v2\/posts\/91743\/revisions\/91745"}],"wp:featuredmedia":[{"embeddable":true,"href":"https:\/\/haberulus.net\/index.php?rest_route=\/wp\/v2\/media\/91744"}],"wp:attachment":[{"href":"https:\/\/haberulus.net\/index.php?rest_route=%2Fwp%2Fv2%2Fmedia&parent=91743"}],"wp:term":[{"taxonomy":"category","embeddable":true,"href":"https:\/\/haberulus.net\/index.php?rest_route=%2Fwp%2Fv2%2Fcategories&post=91743"},{"taxonomy":"post_tag","embeddable":true,"href":"https:\/\/haberulus.net\/index.php?rest_route=%2Fwp%2Fv2%2Ftags&post=91743"}],"curies":[{"name":"wp","href":"https:\/\/api.w.org\/{rel}","templated":true}]}}