{"id":91779,"date":"2023-05-17T14:37:06","date_gmt":"2023-05-17T14:37:06","guid":{"rendered":"https:\/\/haberulus.net\/?p=91779"},"modified":"2023-05-17T14:37:06","modified_gmt":"2023-05-17T14:37:06","slug":"almanyada-grev-havayollarini-kilitlemisti-anlasma-saglandi","status":"publish","type":"post","link":"https:\/\/haberulus.net\/?p=91779","title":{"rendered":"Almanya\u2019da grev havayollar\u0131n\u0131 kilitlemi\u015fti: Anla\u015fma sa\u011fland\u0131"},"content":{"rendered":"<p>Almanya\u2019da Federal Havac\u0131l\u0131k G\u00fcvenli\u011fi \u015eirketleri Birli\u011fi (BDLS) ile sendikalar aras\u0131nda havalimanlar\u0131ndaki g\u00fcvenlik g\u00f6revlilerinin \u00fccret art\u0131\u015f\u0131 g\u00f6r\u00fc\u015fmelerinde anla\u015fma sa\u011fland\u0131.<\/p>\n<p><b>ANLA\u015eMA SA\u011eLANDI<\/b><\/p>\n<p>BDLS\u2019den yap\u0131lan a\u00e7\u0131klamada, grevlerin ard\u0131ndan havac\u0131l\u0131k g\u00fcvenli\u011fi i\u00e7in \u00e7al\u0131\u015fanlar\u0131n ek \u00fccretlerinin art\u0131r\u0131lmas\u0131na y\u00f6nelik g\u00f6r\u00fc\u015fmelerde, Birle\u015fmi\u015f Hizmet Sekt\u00f6r\u00fc Sendikas\u0131 ve Memurlar Birli\u011fi ile bir anla\u015fmaya var\u0131ld\u0131\u011f\u0131 belirtildi.<\/p>\n<p>Sendikalar ile BDLS aras\u0131ndaki anla\u015fma kapsam\u0131nda, g\u00fcvenlik g\u00f6revlileri i\u00e7in gece vardiyalar\u0131, pazar g\u00fcnleri ve resmi tatil g\u00fcnlerindeki ek \u00f6demelere zam yap\u0131lacak. Ayr\u0131ca, y\u00f6neticiler i\u00e7in de seviyelerine g\u00f6re yeni ek \u00f6denekler olu\u015fturulacak.<\/p>\n<p><b>GREV DALGASI YAYILMI\u015eTI<\/b><\/p>\n<p>\u00dclkede, al\u0131\u015f\u0131lm\u0131\u015f\u0131n d\u0131\u015f\u0131ndaki y\u00fcksek enflasyonla birlikte i\u015f\u00e7ilerin artan ya\u015fam maliyetlerini dengelemek i\u00e7in daha y\u00fcksek \u00fccretler talep etmesi sonucu son aylarda grev dalgas\u0131n\u0131n yay\u0131lmas\u0131 dikkati \u00e7ekiyor.<\/p>\n<p>Avrupa\u2019n\u0131n en b\u00fcy\u00fck ekonomisindeki 4 havaliman\u0131nda g\u00fcvenlik personelinin 20-21 Nisan\u2019daki 48 saatlik uyar\u0131 grevi, u\u00e7ak seferlerinin b\u00fcy\u00fck b\u00f6l\u00fcm\u00fcn\u00fc durma noktas\u0131na getirmi\u015f, u\u00e7u\u015flar\u0131n iptal edilmesinden yakla\u015f\u0131k 100 binden fazla yolcu etkilenmi\u015fti. (AA)<\/p>\n","protected":false},"excerpt":{"rendered":"<p>Almanya&#8217;da havaliman\u0131 g\u00fcvenlik g\u00f6revlilerinin \u00fccretleri konusunda anla\u015fma sa\u011fland\u0131.<\/p>\n","protected":false},"author":1,"featured_media":91780,"comment_status":"closed","ping_status":"open","sticky":false,"template":"","format":"standard","meta":{"footnotes":""},"categories":[25],"tags":[],"class_list":["post-91779","post","type-post","status-publish","format-standard","has-post-thumbnail","hentry","category-ekonomi"],"_links":{"self":[{"href":"https:\/\/haberulus.net\/index.php?rest_route=\/wp\/v2\/posts\/91779","targetHints":{"allow":["GET"]}}],"collection":[{"href":"https:\/\/haberulus.net\/index.php?rest_route=\/wp\/v2\/posts"}],"about":[{"href":"https:\/\/haberulus.net\/index.php?rest_route=\/wp\/v2\/types\/post"}],"author":[{"embeddable":true,"href":"https:\/\/haberulus.net\/index.php?rest_route=\/wp\/v2\/users\/1"}],"replies":[{"embeddable":true,"href":"https:\/\/haberulus.net\/index.php?rest_route=%2Fwp%2Fv2%2Fcomments&post=91779"}],"version-history":[{"count":1,"href":"https:\/\/haberulus.net\/index.php?rest_route=\/wp\/v2\/posts\/91779\/revisions"}],"predecessor-version":[{"id":91781,"href":"https:\/\/haberulus.net\/index.php?rest_route=\/wp\/v2\/posts\/91779\/revisions\/91781"}],"wp:featuredmedia":[{"embeddable":true,"href":"https:\/\/haberulus.net\/index.php?rest_route=\/wp\/v2\/media\/91780"}],"wp:attachment":[{"href":"https:\/\/haberulus.net\/index.php?rest_route=%2Fwp%2Fv2%2Fmedia&parent=91779"}],"wp:term":[{"taxonomy":"category","embeddable":true,"href":"https:\/\/haberulus.net\/index.php?rest_route=%2Fwp%2Fv2%2Fcategories&post=91779"},{"taxonomy":"post_tag","embeddable":true,"href":"https:\/\/haberulus.net\/index.php?rest_route=%2Fwp%2Fv2%2Ftags&post=91779"}],"curies":[{"name":"wp","href":"https:\/\/api.w.org\/{rel}","templated":true}]}}