{"id":91785,"date":"2023-05-17T14:37:08","date_gmt":"2023-05-17T14:37:08","guid":{"rendered":"https:\/\/haberulus.net\/?p=91785"},"modified":"2023-05-17T14:37:08","modified_gmt":"2023-05-17T14:37:08","slug":"merhum-milyarderin-tartismali-mucevher-koleksiyonu-4-milyar-tl-topladi","status":"publish","type":"post","link":"https:\/\/haberulus.net\/?p=91785","title":{"rendered":"Merhum milyarderin tart\u0131\u015fmal\u0131 m\u00fccevher koleksiyonu 4 milyar TL toplad\u0131"},"content":{"rendered":"<p><span>Avusturyal\u0131 milyarder Heidi Horten\u2019e ait olan y\u00fczlerce m\u00fccevherin sat\u0131\u015f\u0131, de\u011feri 2011\u2019de New York\u2019ta yakla\u015f\u0131k 2,2 milyar TL (116 milyon dolar) olan Elizabeth Taylor koleksiyonunun k\u0131rd\u0131\u011f\u0131 rekoru ge\u00e7ti.<\/span><\/p>\n<div><img decoding=\"async\" src=\"https:\/\/i01.sozcucdn.com\/wp-content\/uploads\/2023\/05\/17\/mucevher3.jpg\" alt=\"\" title=\"\"><\/p>\n<p>Heidi Horten\u2026<\/p>\n<\/div>\n<p>Ge\u00e7en hafta d\u00fczenlenen m\u00fczayede, Yahudi gruplar\u0131n Horten\u2019in servetinin kayna\u011f\u0131 hakk\u0131nda dile getirdi\u011fi endi\u015felere ra\u011fmen devam etti. Ge\u00e7en y\u0131l haziran ay\u0131nda \u00f6ld\u00fc\u011f\u00fcnde Forbes\u2019in yakla\u015f\u0131k 3 milyar dolar net serveti oldu\u011funu bildirdi\u011fi rahmetli sanat koleksiyoncusu, 1987\u2019de ilk kocas\u0131 Helmut Horten\u2019den 1 milyar dolar miras ald\u0131.<\/p>\n<p><img decoding=\"async\" src=\"https:\/\/i01.sozcucdn.com\/wp-content\/uploads\/2023\/05\/17\/mucevher2.jpg\" alt=\"\" title=\"\"><\/p>\n<p><span>Amerikan Yahudi Komitesi, Horten\u2019in servetinin kayna\u011f\u0131n\u0131 ara\u015ft\u0131rmak i\u00e7in \u201cciddi bir \u00e7aba\u201d g\u00f6sterilene kadar m\u00fczayedenin ask\u0131ya al\u0131nmas\u0131 \u00e7a\u011fr\u0131s\u0131nda bulunmu\u015ftu. Grup, bu ay\u0131n ba\u015flar\u0131nda yay\u0131nlanan bir bildiride Helmut Horten\u2019\u0131 \u201cAryanla\u015ft\u0131rma yasalar\u0131ndan ve Nazilerden ka\u00e7an Yahudilerin umutsuz ihtiya\u00e7lar\u0131ndan yararlanan\u201d \u201cvicdans\u0131z i\u015fadamlar\u0131ndan\u201d biri olarak tan\u0131mlad\u0131.<\/span><\/p>\n<p><img decoding=\"async\" src=\"https:\/\/i01.sozcucdn.com\/wp-content\/uploads\/2023\/05\/17\/mucevher4.jpg\" alt=\"\" title=\"\"><\/p>\n<p><b>\u201cSOYKIRIM KURBANLARINA B\u0130R HAKARET\u201d<\/b><\/p>\n<p><span>Bu arada Yahudi insan haklar\u0131 \u00f6rg\u00fct\u00fc Simon Wiesenthal Center, Christie\u2019s M\u00fczayede Evi\u2019ne yazd\u0131\u011f\u0131 a\u00e7\u0131k mektupta sat\u0131\u015f\u0131n durdurulmas\u0131n\u0131 \u201ctalep etti\u011fini\u201d s\u00f6yledi. Holocaust E\u011fitim Vakf\u0131, Birle\u015fik Krall\u0131k\u2019taki Yahudi Chronicle gazetesine, m\u00fczayedenin \u201cYahudi soyk\u0131r\u0131m\u0131 kurbanlar\u0131na ger\u00e7ek bir hakaret\u201d oldu\u011funu s\u00f6yledi.<\/span><\/p>\n<p><img decoding=\"async\" src=\"https:\/\/i01.sozcucdn.com\/wp-content\/uploads\/2023\/05\/17\/mucevher5.jpg\" alt=\"\" title=\"\"><\/p>\n<p><span>Christie\u2019s ise, Horten\u2019in servetinin kayna\u011f\u0131n\u0131n \u201ckamuya a\u00e7\u0131k bir kay\u0131t meselesi\u201d oldu\u011funu ve eski kocas\u0131n\u0131n ticari uygulamalar\u0131n\u0131n \u201ciyi belgelendi\u011fini\u201d s\u00f6yledi. M\u00fczayede evi, sat\u0131\u015ftan elde edilecek gelirden Holokost ara\u015ft\u0131rma ve e\u011fitimini ilerleten kurulu\u015flara \u201c\u00f6nemli bir katk\u0131\u201d yapaca\u011f\u0131n\u0131 da s\u00f6zlerine ekledi.<\/span><\/p>\n<p><span>Christie\u2019s ayr\u0131ca gelirin, \u00f6l\u00fcm\u00fcnden \u00f6nce Viyana, Avusturya\u2019da kurdu\u011fu m\u00fcze olan Heidi Horten Koleksiyonu\u2019nun yan\u0131 s\u0131ra t\u0131bbi ara\u015ft\u0131rma, \u00e7ocuk refah\u0131 ve di\u011fer hay\u0131rsever ama\u00e7lar\u0131 destekleyen Heidi Horten Vakf\u0131\u2019na gidece\u011fini s\u00f6yledi.<\/span><\/p>\n<p><span>Ge\u00e7en hafta \u0130svi\u00e7re\u2019nin Cenevre kentindeki Four Seasons Hotel des Bergues\u2019te ger\u00e7ekle\u015fen iki g\u00fcnl\u00fck sat\u0131\u015fa, pazartesi g\u00fcn\u00fc sona eren bir \u00e7evrimi\u00e7i m\u00fczayede eklendi. Horten\u2019in koleksiyonu, Christie\u2019s\u2019in ba\u015flang\u0131\u00e7ta 150 milyon dolardan fazla sataca\u011f\u0131n\u0131 tahmin etti\u011fi 700\u2019den fazla m\u00fccevher i\u00e7eriyordu.<\/span><\/p>\n","protected":false},"excerpt":{"rendered":"<p>Bir zamanlar merhum Avusturyal\u0131 milyarder Heidi Horten&#8217;e ait olan y\u00fczlerce m\u00fccevher, toplam yakla\u015f\u0131k 4 milyar TL (179.9 milyon \u0130svi\u00e7re frang\u0131) toplayarak m\u00fczayedede g\u00f6r\u00fclm\u00fc\u015f en pahal\u0131 \u00f6zel m\u00fccevher koleksiyonu oldu.<\/p>\n","protected":false},"author":1,"featured_media":91786,"comment_status":"closed","ping_status":"open","sticky":false,"template":"","format":"standard","meta":{"footnotes":""},"categories":[33],"tags":[11969,2603],"class_list":["post-91785","post","type-post","status-publish","format-standard","has-post-thumbnail","hentry","category-yasam","tag-muzayede","tag-yahudi"],"_links":{"self":[{"href":"https:\/\/haberulus.net\/index.php?rest_route=\/wp\/v2\/posts\/91785","targetHints":{"allow":["GET"]}}],"collection":[{"href":"https:\/\/haberulus.net\/index.php?rest_route=\/wp\/v2\/posts"}],"about":[{"href":"https:\/\/haberulus.net\/index.php?rest_route=\/wp\/v2\/types\/post"}],"author":[{"embeddable":true,"href":"https:\/\/haberulus.net\/index.php?rest_route=\/wp\/v2\/users\/1"}],"replies":[{"embeddable":true,"href":"https:\/\/haberulus.net\/index.php?rest_route=%2Fwp%2Fv2%2Fcomments&post=91785"}],"version-history":[{"count":1,"href":"https:\/\/haberulus.net\/index.php?rest_route=\/wp\/v2\/posts\/91785\/revisions"}],"predecessor-version":[{"id":91787,"href":"https:\/\/haberulus.net\/index.php?rest_route=\/wp\/v2\/posts\/91785\/revisions\/91787"}],"wp:featuredmedia":[{"embeddable":true,"href":"https:\/\/haberulus.net\/index.php?rest_route=\/wp\/v2\/media\/91786"}],"wp:attachment":[{"href":"https:\/\/haberulus.net\/index.php?rest_route=%2Fwp%2Fv2%2Fmedia&parent=91785"}],"wp:term":[{"taxonomy":"category","embeddable":true,"href":"https:\/\/haberulus.net\/index.php?rest_route=%2Fwp%2Fv2%2Fcategories&post=91785"},{"taxonomy":"post_tag","embeddable":true,"href":"https:\/\/haberulus.net\/index.php?rest_route=%2Fwp%2Fv2%2Ftags&post=91785"}],"curies":[{"name":"wp","href":"https:\/\/api.w.org\/{rel}","templated":true}]}}