{"id":91905,"date":"2023-05-17T18:07:04","date_gmt":"2023-05-17T18:07:04","guid":{"rendered":"https:\/\/haberulus.net\/?p=91905"},"modified":"2023-05-17T18:07:04","modified_gmt":"2023-05-17T18:07:04","slug":"emre-belozoglu-hedefsiz-bir-takim-benim-calistirdigim-takim-olamaz","status":"publish","type":"post","link":"https:\/\/haberulus.net\/?p=91905","title":{"rendered":"Emre Bel\u00f6zo\u011flu: Hedefsiz bir tak\u0131m benim \u00e7al\u0131\u015ft\u0131rd\u0131\u011f\u0131m tak\u0131m olamaz"},"content":{"rendered":"<p>Spor Toto S\u00fcper Lig\u2019in 34. haftas\u0131nda sahas\u0131nda HangiKredi \u00dcmraniyespor ile 1-1 berabere kalan Medipol Ba\u015fak\u015fehir\u2019in teknik direkt\u00f6r\u00fc Emre Bel\u00f6zo\u011flu, ligde Avrupa kupalar\u0131na kat\u0131lma \u015fanslar\u0131n\u0131n zorla\u015ft\u0131\u011f\u0131n\u0131 ve art\u0131k \u00f6ncelikli hedeflerinin T\u00fcrkiye Kupas\u0131\u2019n\u0131 kazanmak oldu\u011funu s\u00f6yledi.<\/p>\n<p>Ba\u015fak\u015fehir Fatih Terim Stad\u0131\u2019nda oynanan kar\u015f\u0131la\u015fman\u0131n ard\u0131ndan d\u00fczenlenen bas\u0131n toplant\u0131s\u0131nda a\u00e7\u0131klamalarda bulunan Emre Bel\u00f6zo\u011flu, s\u00f6zlerine d\u00fcn \u015e\u0131rnak\u2019ta \u015fehit d\u00fc\u015fen askerlere Allah\u2019tan rahmet, yak\u0131nlar\u0131na ba\u015fsa\u011fl\u0131\u011f\u0131 dileyerek ba\u015flad\u0131.<\/p>\n<p><b>\u201c\u0130\u015eLER\u0130N\u00a0 KOLAY G\u0130DECE\u011e\u0130N\u0130 D\u00dc\u015e\u00dcND\u00dc\u011e\u00dcM ANLARDA\u2026\u201d<\/b><\/p>\n<p>Bel\u00f6zo\u011flu, 10 ki\u015fi kald\u0131ktan sonra i\u015flerinin zorla\u015ft\u0131\u011f\u0131n\u0131 belirterek, \u201cRakibin \u00e7\u0131kard\u0131\u011f\u0131 11\u2019i ma\u00e7tan \u00f6ne kafam\u0131zda senaryola\u015ft\u0131rd\u0131\u011f\u0131m\u0131zda biraz daha topa sahip olmak isteyen, ge\u00e7i\u015fe uygun oyuncular\u0131 tercih etmi\u015fti. Biz de onlar\u0131 merkezde oynat\u0131p orada yapaca\u011f\u0131m\u0131z bask\u0131yla gol bulabilece\u011fimizi biliyorduk. Ma\u00e7\u0131n ba\u015f\u0131nda bunu yakalad\u0131k. \u0130\u015flerin kolay gidece\u011fini d\u00fc\u015f\u00fcnd\u00fc\u011f\u00fcm\u00fcz anlarda yine bireysel hatayla k\u0131rm\u0131z\u0131 kart geldi. Son 12 ma\u00e7\u0131m\u0131zda 5. k\u0131rm\u0131z\u0131 kart\u0131m\u0131z oldu. Bu kendi g\u00f6r\u00fc\u015f\u00fcm, tak\u0131m\u0131n mental ve fiziksel yorgunluk ya\u015fad\u0131\u011f\u0131n\u0131 net g\u00f6steriyor. 50. ma\u00e7\u0131n\u0131 oynuyor \u00e7ocuklar. 10 ki\u015fi kalan ve ellerinden geleni yapan tak\u0131m\u0131m\u0131 ve \u00dcmraniyespor\u2019u tebrik ediyorum.\u201d ifadelerini kulland\u0131.<\/p>\n<p><b>\u201cB\u0130R\u0130NC\u0130 HEDEF\u0130M\u0130Z \u015eU AN\u2026\u201d<\/b><\/p>\n<p>Emre Bel\u00f6zo\u011flu, \u201cBa\u015fak\u015fehir\u2019in hedefi art\u0131k tamamen T\u00fcrkiye Kupas\u0131 diyebilir miyiz?\u201d sorusuna ise, \u201cGer\u00e7ek\u00e7i olmak gerek, matematiksel olarak \u015fans\u0131m\u0131z devam etse de her ma\u00e7\u0131m\u0131z\u0131 kazanmaya oynayaca\u011f\u0131z. Her tak\u0131m i\u00e7in bizle oynamak kolay de\u011fil. Ligde t\u00fcm ma\u00e7lar\u0131m\u0131z\u0131 kazanmak i\u00e7in oynayaca\u011f\u0131z. Hedefsiz bir tak\u0131m benim \u00e7al\u0131\u015ft\u0131rd\u0131\u011f\u0131m tak\u0131m olamaz ancak ger\u00e7ek\u00e7i olmak gerek Avrupa kupalar\u0131na kat\u0131lmak istiyorsak bizim birinci hedefimiz \u015fu an kupa diyebilirim.\u201d yan\u0131t\u0131n\u0131 verdi.<\/p>\n<p>Ge\u00e7ti\u011fimiz hafta Madrid\u2019de ve Milano\u2019da \u015eampiyonlar Ligi yar\u0131 final ma\u00e7lar\u0131n\u0131 izleyen Bel\u00f6zo\u011flu, \u0130stanbul\u2019da oynanacak finalle ilgili \u015funlar\u0131 s\u00f6yledi:<\/p>\n<p>\u201cInter\u2019de forma giydim, orada \u00e7ok g\u00fczel an\u0131lar\u0131m var. Onlar\u0131n \u0130stanbul\u2019a gelmesinden dolay\u0131 \u00e7ok mutluyum. Ama Manchester City-Real Madrid ma\u00e7\u0131n\u0131 izledi\u011fimde \u00e7ok daha \u00f6zel oyunculara, d\u00fczene ve organizasyona sahip iki tane tak\u0131m g\u00f6rd\u00fcm. Bug\u00fcnk\u00fc finalden \u00e7\u0131kan tak\u0131m\u0131n daha avantajl\u0131 oldu\u011funu d\u00fc\u015f\u00fcnsem de g\u00f6nl\u00fcm tabii ki finalde Inter\u2019den yana.\u201d (AA)<\/p>\n","protected":false},"excerpt":{"rendered":"<p>Ba\u015fak\u015fehir Teknik Direkt\u00f6r\u00fc Emre Bel\u00f6zo\u011flu, \u00dcmraniyespor ile berabere kald\u0131klar\u0131 ma\u00e7\u0131n ard\u0131ndan a\u00e7\u0131klamalarda bulundu.<\/p>\n","protected":false},"author":1,"featured_media":91906,"comment_status":"closed","ping_status":"open","sticky":false,"template":"","format":"standard","meta":{"footnotes":""},"categories":[31],"tags":[6834,545,192],"class_list":["post-91905","post","type-post","status-publish","format-standard","has-post-thumbnail","hentry","category-spor","tag-belozoglu","tag-kupa","tag-takim"],"_links":{"self":[{"href":"https:\/\/haberulus.net\/index.php?rest_route=\/wp\/v2\/posts\/91905","targetHints":{"allow":["GET"]}}],"collection":[{"href":"https:\/\/haberulus.net\/index.php?rest_route=\/wp\/v2\/posts"}],"about":[{"href":"https:\/\/haberulus.net\/index.php?rest_route=\/wp\/v2\/types\/post"}],"author":[{"embeddable":true,"href":"https:\/\/haberulus.net\/index.php?rest_route=\/wp\/v2\/users\/1"}],"replies":[{"embeddable":true,"href":"https:\/\/haberulus.net\/index.php?rest_route=%2Fwp%2Fv2%2Fcomments&post=91905"}],"version-history":[{"count":1,"href":"https:\/\/haberulus.net\/index.php?rest_route=\/wp\/v2\/posts\/91905\/revisions"}],"predecessor-version":[{"id":91907,"href":"https:\/\/haberulus.net\/index.php?rest_route=\/wp\/v2\/posts\/91905\/revisions\/91907"}],"wp:featuredmedia":[{"embeddable":true,"href":"https:\/\/haberulus.net\/index.php?rest_route=\/wp\/v2\/media\/91906"}],"wp:attachment":[{"href":"https:\/\/haberulus.net\/index.php?rest_route=%2Fwp%2Fv2%2Fmedia&parent=91905"}],"wp:term":[{"taxonomy":"category","embeddable":true,"href":"https:\/\/haberulus.net\/index.php?rest_route=%2Fwp%2Fv2%2Fcategories&post=91905"},{"taxonomy":"post_tag","embeddable":true,"href":"https:\/\/haberulus.net\/index.php?rest_route=%2Fwp%2Fv2%2Ftags&post=91905"}],"curies":[{"name":"wp","href":"https:\/\/api.w.org\/{rel}","templated":true}]}}