{"id":92007,"date":"2023-05-18T03:51:03","date_gmt":"2023-05-18T03:51:03","guid":{"rendered":"https:\/\/haberulus.net\/?p=92007"},"modified":"2023-05-18T03:51:03","modified_gmt":"2023-05-18T03:51:03","slug":"trt-ve-mit-emeklisi-3600-soku-yasiyor","status":"publish","type":"post","link":"https:\/\/haberulus.net\/?p=92007","title":{"rendered":"TRT ve M\u0130T emeklisi 3600 \u015foku ya\u015f\u0131yor"},"content":{"rendered":"<p>\u0130ktidar\u0131n se\u00e7im m\u00fcjdesi diye a\u00e7\u0131klad\u0131\u011f\u0131 3600 ek g\u00f6sterge d\u00fczenlemesi TRT ve M\u0130T (Milli \u0130stihbarat Te\u015fkilat\u0131) emeklileri i\u00e7in kabusa d\u00f6n\u00fc\u015ft\u00fc. Bu iki kurumdan emekli olan binlerce vatanda\u015f\u0131n \u00f6nce emekli ayl\u0131\u011f\u0131 y\u00fckseltildi. Ancak bu kurumlar\u0131n 3600 kapsam\u0131 d\u0131\u015f\u0131nda kald\u0131klar\u0131 sonradan fark edildi. Sosyal G\u00fcvenlik Kurumu (SGK) emeklilere, \u201cPardon, sizlere yanl\u0131\u015fl\u0131kla fazladan maa\u015f \u00f6demi\u015fiz\u201d deyip yaz\u0131 g\u00f6nderdi. \u015eimdi binlerce emeklinin maa\u015f\u0131nda y\u00fczde 25 oran\u0131nda kesinti ba\u015flad\u0131.<\/p>\n<p>\u00d6\u011fretmen, polis, hem\u015fire ve din g\u00f6revlileri ba\u015fta olmak \u00fczere baz\u0131 memur ve emeklilerin ek g\u00f6stergesi y\u0131lba\u015f\u0131ndan itibaren 3600&#8217;e \u00e7\u0131kart\u0131l\u0131rken, di\u011fer memurlar\u0131n ek g\u00f6stergesi de 600 puan art\u0131r\u0131lm\u0131\u015ft\u0131. D\u00fczenlemeye TRT ve M\u0130T&#8217;in de dahil oldu\u011fu san\u0131l\u0131yordu. SGK bu kurumlardan emekli olmu\u015f binlerce ki\u015finin emekli ayl\u0131klar\u0131n\u0131 3600 ek g\u00f6sterge \u015fartlar\u0131n\u0131 dikkate alarak y\u0131lba\u015f\u0131nda y\u00fckseltti. Maa\u015flar\u0131 y\u00fckselen emekliler di\u011fer kurumlarda \u00e7al\u0131\u015fan ve ayn\u0131 \u015fartlar\u0131 ta\u015f\u0131yan di\u011fer emekliler gibi sevindi.<\/p>\n<p>Ancak TRT ve M\u0130T&#8217;in bu d\u00fczenlemeye dahil olmad\u0131klar\u0131 ilerleyen g\u00fcnlerde ge\u00e7 de olsa anla\u015f\u0131ld\u0131. Bu iki kuruma Cumhurba\u015fkan\u0131 taraf\u0131ndan belirlenen ek g\u00f6sterge cetvellerine g\u00f6re i\u015flem yap\u0131laca\u011f\u0131 bilgisi verildi.<\/p>\n<p><strong>SIKINTI YA\u015eANIYOR<\/strong><\/p>\n<p>Ancak SGK her iki kurum emeklilerine de kapsamdaym\u0131\u015f gibi zaml\u0131 emekli ayl\u0131\u011f\u0131 \u00f6dedi\u011fi i\u00e7in ortal\u0131k kar\u0131\u015ft\u0131. Hatas\u0131n\u0131 fark eden SGK binlerce emekliye mektup yazarak fazla \u00f6demenin emekli ayl\u0131klar\u0131ndan kesilece\u011fini bildirdi. Ayl\u0131\u011f\u0131 kesilen emekliler isyan etti. D\u00fczenlemedeki a\u00e7\u0131kl\u0131k nedeniyle TRT ve M\u0130T&#8217;te \u00e7al\u0131\u015fan ve EYT kapsam\u0131nda emeklili\u011fi d\u00fc\u015f\u00fcnen \u00e7ok say\u0131da personelin de s\u0131k\u0131nt\u0131 ya\u015fad\u0131\u011f\u0131 ifade edildi.<\/p>\n<p><b>\u2018M\u00fcstahak de\u011filsiniz&#8217; denilip mektup yaz\u0131ld\u0131<\/b><\/p>\n<p>SGK, emekli ayl\u0131\u011f\u0131nda kesinti ba\u015flatt\u0131\u011f\u0131 emeklilere g\u00f6nderdi\u011fi resmi yaz\u0131da, \u201cKanun uyar\u0131nca ek g\u00f6sterge art\u0131\u015f\u0131na m\u00fcstahak olmad\u0131\u011f\u0131n\u0131z halde ek g\u00f6stergenizde art\u0131\u015f yap\u0131ld\u0131\u011f\u0131 ve taraf\u0131n\u0131za 15 Ocak 2023 ile 31 Mart 2023 tarihleri aras\u0131nda \u2026 TL fazla \u00f6deme yap\u0131ld\u0131\u011f\u0131 tespit edilmi\u015ftir. S\u00f6z konusu tutar ad\u0131n\u0131za bor\u00e7 \u00e7\u0131kar\u0131larak \u00f6denen ayl\u0131klar\u0131n\u0131zdan y\u00fczde 25 oran\u0131nda kesinti yap\u0131larak tahsil edilecektir, bilginize sunulur\u201d denildi.<\/p>\n","protected":false},"excerpt":{"rendered":"<p>TRT ve M\u0130T\u2019te \u00e7al\u0131\u015fan binlerce emeklinin maa\u015f\u0131 3600 ek g\u00f6stergeyle \u00f6nce y\u00fckseldi, daha sonra \u2018pardon yanl\u0131\u015f oldu\u2019 denilip ek \u00f6demeler maa\u015flar\u0131ndan kesildi.<\/p>\n","protected":false},"author":1,"featured_media":92008,"comment_status":"closed","ping_status":"open","sticky":false,"template":"","format":"standard","meta":{"footnotes":""},"categories":[25],"tags":[795,268,655,549,2437],"class_list":["post-92007","post","type-post","status-publish","format-standard","has-post-thumbnail","hentry","category-ekonomi","tag-795","tag-ek-gosterge","tag-emekli","tag-kurum","tag-sgk"],"_links":{"self":[{"href":"https:\/\/haberulus.net\/index.php?rest_route=\/wp\/v2\/posts\/92007","targetHints":{"allow":["GET"]}}],"collection":[{"href":"https:\/\/haberulus.net\/index.php?rest_route=\/wp\/v2\/posts"}],"about":[{"href":"https:\/\/haberulus.net\/index.php?rest_route=\/wp\/v2\/types\/post"}],"author":[{"embeddable":true,"href":"https:\/\/haberulus.net\/index.php?rest_route=\/wp\/v2\/users\/1"}],"replies":[{"embeddable":true,"href":"https:\/\/haberulus.net\/index.php?rest_route=%2Fwp%2Fv2%2Fcomments&post=92007"}],"version-history":[{"count":1,"href":"https:\/\/haberulus.net\/index.php?rest_route=\/wp\/v2\/posts\/92007\/revisions"}],"predecessor-version":[{"id":92009,"href":"https:\/\/haberulus.net\/index.php?rest_route=\/wp\/v2\/posts\/92007\/revisions\/92009"}],"wp:featuredmedia":[{"embeddable":true,"href":"https:\/\/haberulus.net\/index.php?rest_route=\/wp\/v2\/media\/92008"}],"wp:attachment":[{"href":"https:\/\/haberulus.net\/index.php?rest_route=%2Fwp%2Fv2%2Fmedia&parent=92007"}],"wp:term":[{"taxonomy":"category","embeddable":true,"href":"https:\/\/haberulus.net\/index.php?rest_route=%2Fwp%2Fv2%2Fcategories&post=92007"},{"taxonomy":"post_tag","embeddable":true,"href":"https:\/\/haberulus.net\/index.php?rest_route=%2Fwp%2Fv2%2Ftags&post=92007"}],"curies":[{"name":"wp","href":"https:\/\/api.w.org\/{rel}","templated":true}]}}