{"id":92100,"date":"2023-05-18T07:51:07","date_gmt":"2023-05-18T07:51:07","guid":{"rendered":"https:\/\/haberulus.net\/?p=92100"},"modified":"2023-05-18T07:51:07","modified_gmt":"2023-05-18T07:51:07","slug":"rizeli-arici-zekasi-ile-ayilari-yendi","status":"publish","type":"post","link":"https:\/\/haberulus.net\/?p=92100","title":{"rendered":"Rizeli ar\u0131c\u0131, zekas\u0131 ile ay\u0131lar\u0131 yendi"},"content":{"rendered":"<p>Derecik k\u00f6y\u00fcnde ar\u0131c\u0131l\u0131k ile u\u011fra\u015fan Muharrem \u00c7elik, k\u0131\u015f uykusundan uyan\u0131p b\u00f6lgeye inerek kovanlar\u0131n\u0131 par\u00e7alayan ay\u0131lara kar\u015f\u0131 harekete ge\u00e7ti.<\/p>\n<p>\u00c7elik, y\u0131llar \u00f6nce dedesinden kal\u0131p zamanla ar\u0131zalanan boru \u015feklinde olup, hava ve gaz bas\u0131nc\u0131 ile \u00e7al\u0131\u015fan sistemi devreye sokma karar\u0131 ald\u0131.<\/p>\n<p>Onard\u0131\u011f\u0131 mekanizmay\u0131, kovanlar\u0131n \u00e7evresine kuran \u00c7elik, zaman ayarl\u0131 sistemin belirli aral\u0131klarda \u00e7\u0131kartt\u0131\u011f\u0131 ses ile ay\u0131lar\u0131n ka\u00e7mas\u0131n\u0131 sa\u011fl\u0131yor.<\/p>\n<p><img decoding=\"async\" src=\"https:\/\/i01.sozcucdn.com\/wp-content\/uploads\/2023\/05\/18\/havan3.1_23026739.jpg\" alt=\"\" title=\"\"><\/p>\n<p><strong>\u201cADINI \u2018HAVAN TOPU\u2019 KOYDUK\u201d<\/strong><\/p>\n<p>Tamir etti\u011fi sistem ile ar\u0131 kovanlar\u0131n\u0131 ay\u0131lardan koruyan \u00c7elik, \u201c2004 y\u0131l\u0131nda dededen kalma bir cihazd\u0131. Biraz ar\u0131zal\u0131 duruyordu, yapt\u0131rd\u0131k. Yar\u0131m saat, 15 dakikada gibi dereceleri var. O s\u00fcrede bir patlama yap\u0131yor, ad\u0131n\u0131 \u2018havan topu\u2019 koyduk. Kom\u015fular\u0131m\u0131z biraz rahats\u0131z ama verim ald\u0131k, i\u015fe yar\u0131yor, ay\u0131lar gelmiyor. \u00c7\u0131kard\u0131\u011f\u0131 ses, ortalama bir ramazan topunun 2 kat\u0131\u201d diye konu\u015ftu.<\/p>\n<p><img decoding=\"async\" src=\"https:\/\/i01.sozcucdn.com\/wp-content\/uploads\/2023\/05\/18\/havan5.1_23026737.jpg\" alt=\"\" title=\"\"><\/p>\n<p><strong>\u201cKORKTUM\u201d<\/strong><\/p>\n<p>K\u00f6yl\u00fclerden Yunus Emre Dilma\u00e7 ise sesi duyunca korktuklar\u0131n\u0131 belirterek, \u201cAz \u00f6nce ben de ses duydum, korktum. Sonra bakt\u0131\u011f\u0131mda Muharrem \u00c7elik\u2019in sisteminin oldu\u011funu anlad\u0131m\u201d dedi. (DHA)<\/p>\n","protected":false},"excerpt":{"rendered":"<p>Rize&#8217;de Muharrem \u00c7elik, k\u00f6ye inip ar\u0131 kovanlar\u0131na dadadan ay\u0131lara kar\u015f\u0131 boru \u015feklinde olup, hava ve gaz bas\u0131nc\u0131 ile \u00e7al\u0131\u015fan sistemi devreye soktu. \u00c7elik, zaman ayarl\u0131 sistemden \u00e7\u0131kan ses ile ay\u0131lar\u0131n ka\u00e7mas\u0131n\u0131 sa\u011fl\u0131yor.<\/p>\n","protected":false},"author":1,"featured_media":92101,"comment_status":"closed","ping_status":"open","sticky":false,"template":"","format":"standard","meta":{"footnotes":""},"categories":[33],"tags":[],"class_list":["post-92100","post","type-post","status-publish","format-standard","has-post-thumbnail","hentry","category-yasam"],"_links":{"self":[{"href":"https:\/\/haberulus.net\/index.php?rest_route=\/wp\/v2\/posts\/92100","targetHints":{"allow":["GET"]}}],"collection":[{"href":"https:\/\/haberulus.net\/index.php?rest_route=\/wp\/v2\/posts"}],"about":[{"href":"https:\/\/haberulus.net\/index.php?rest_route=\/wp\/v2\/types\/post"}],"author":[{"embeddable":true,"href":"https:\/\/haberulus.net\/index.php?rest_route=\/wp\/v2\/users\/1"}],"replies":[{"embeddable":true,"href":"https:\/\/haberulus.net\/index.php?rest_route=%2Fwp%2Fv2%2Fcomments&post=92100"}],"version-history":[{"count":1,"href":"https:\/\/haberulus.net\/index.php?rest_route=\/wp\/v2\/posts\/92100\/revisions"}],"predecessor-version":[{"id":92102,"href":"https:\/\/haberulus.net\/index.php?rest_route=\/wp\/v2\/posts\/92100\/revisions\/92102"}],"wp:featuredmedia":[{"embeddable":true,"href":"https:\/\/haberulus.net\/index.php?rest_route=\/wp\/v2\/media\/92101"}],"wp:attachment":[{"href":"https:\/\/haberulus.net\/index.php?rest_route=%2Fwp%2Fv2%2Fmedia&parent=92100"}],"wp:term":[{"taxonomy":"category","embeddable":true,"href":"https:\/\/haberulus.net\/index.php?rest_route=%2Fwp%2Fv2%2Fcategories&post=92100"},{"taxonomy":"post_tag","embeddable":true,"href":"https:\/\/haberulus.net\/index.php?rest_route=%2Fwp%2Fv2%2Ftags&post=92100"}],"curies":[{"name":"wp","href":"https:\/\/api.w.org\/{rel}","templated":true}]}}