{"id":92415,"date":"2023-05-18T14:49:02","date_gmt":"2023-05-18T14:49:02","guid":{"rendered":"https:\/\/haberulus.net\/?p=92415"},"modified":"2023-05-18T14:49:02","modified_gmt":"2023-05-18T14:49:02","slug":"yeni-donemde-meclise-giremeyen-bbp-genel-baskani-mustafa-destici-milletvekilligi-maasini-iade-etmek-icin-dilekce-verdi","status":"publish","type":"post","link":"https:\/\/haberulus.net\/?p=92415","title":{"rendered":"Yeni d\u00f6nemde meclise giremeyen BBP Genel Ba\u015fkan\u0131 Mustafa Destici, milletvekilli\u011fi maa\u015f\u0131n\u0131 iade etmek i\u00e7in dilek\u00e7e verdi"},"content":{"rendered":"<p>TBMM 28. d\u00f6nem milletvekilleri 14 May\u0131s&#8217;taki se\u00e7imle belirlenirken 27. d\u00f6nem milletvekillerinin de g\u00f6revi sona erdi. Milletvekili g\u00f6revi sona eren isimlerden birisi de B\u00fcy\u00fck Birlik Partisi Genel Ba\u015fkan\u0131 Mustafa Destici oldu.<\/p>\n<p><b>PE\u015e\u0130N \u00d6DENEN 3 AYLIK MAA\u015eININ B\u0130R KISMINI \u0130ADE ETMEK \u0130STED\u0130<\/b><\/p>\n<p>Destici, TBMM&#8217;nin kendilerine pe\u015fin \u00f6dedi\u011fi 3 ayl\u0131k maa\u015f\u0131n bir k\u0131sm\u0131n\u0131 hak etmedi\u011fi gerek\u00e7esiyle iade etmek \u00fczere dilek\u00e7e verdi. Buna g\u00f6re Destici, Ma\u015f\u0131n\u0131n bir bu\u00e7uk ayl\u0131k d\u00f6nemini iade etmek istedi. <\/p>\n<p>Destici, dilek\u00e7esinde, &#8220;Milletvekili g\u00f6revimin 14 May\u0131s 2023 tarihinde sona ermesi nedeniyle 15 Nisan-14 Temmuz 2023 d\u00f6nemi milletvekili maa\u015f\u0131, \u00f6denek ve yolluklar\u0131m\u0131n 15 May\u0131s-14 Temmuz 2023 d\u00f6nemine ait olan k\u0131sm\u0131n\u0131 hazineye gelir kaydedilmek \u00fczere iade etmek istiyorum&#8221; dedi. <\/p>\n","protected":false},"excerpt":{"rendered":"<p>Yeni d\u00f6nemde Meclis&#8217;e giremeyen B\u00fcy\u00fck Birlik Partisi Genel Ba\u015fkan\u0131 Mustafa Destici, 3 ayl\u0131k pe\u015fin \u00f6denen milletvekilli\u011fi maa\u015f\u0131n\u0131n bir bu\u00e7uk ayl\u0131k d\u00f6nemini iade etmek i\u00e7in dilek\u00e7e verdi.<\/p>\n","protected":false},"author":1,"featured_media":92416,"comment_status":"closed","ping_status":"open","sticky":false,"template":"","format":"standard","meta":{"footnotes":""},"categories":[28],"tags":[759],"class_list":["post-92415","post","type-post","status-publish","format-standard","has-post-thumbnail","hentry","category-politika","tag-donem"],"_links":{"self":[{"href":"https:\/\/haberulus.net\/index.php?rest_route=\/wp\/v2\/posts\/92415","targetHints":{"allow":["GET"]}}],"collection":[{"href":"https:\/\/haberulus.net\/index.php?rest_route=\/wp\/v2\/posts"}],"about":[{"href":"https:\/\/haberulus.net\/index.php?rest_route=\/wp\/v2\/types\/post"}],"author":[{"embeddable":true,"href":"https:\/\/haberulus.net\/index.php?rest_route=\/wp\/v2\/users\/1"}],"replies":[{"embeddable":true,"href":"https:\/\/haberulus.net\/index.php?rest_route=%2Fwp%2Fv2%2Fcomments&post=92415"}],"version-history":[{"count":1,"href":"https:\/\/haberulus.net\/index.php?rest_route=\/wp\/v2\/posts\/92415\/revisions"}],"predecessor-version":[{"id":92417,"href":"https:\/\/haberulus.net\/index.php?rest_route=\/wp\/v2\/posts\/92415\/revisions\/92417"}],"wp:featuredmedia":[{"embeddable":true,"href":"https:\/\/haberulus.net\/index.php?rest_route=\/wp\/v2\/media\/92416"}],"wp:attachment":[{"href":"https:\/\/haberulus.net\/index.php?rest_route=%2Fwp%2Fv2%2Fmedia&parent=92415"}],"wp:term":[{"taxonomy":"category","embeddable":true,"href":"https:\/\/haberulus.net\/index.php?rest_route=%2Fwp%2Fv2%2Fcategories&post=92415"},{"taxonomy":"post_tag","embeddable":true,"href":"https:\/\/haberulus.net\/index.php?rest_route=%2Fwp%2Fv2%2Ftags&post=92415"}],"curies":[{"name":"wp","href":"https:\/\/api.w.org\/{rel}","templated":true}]}}