{"id":92532,"date":"2023-05-18T18:51:03","date_gmt":"2023-05-18T18:51:03","guid":{"rendered":"https:\/\/haberulus.net\/?p=92532"},"modified":"2023-05-18T18:51:03","modified_gmt":"2023-05-18T18:51:03","slug":"disisleri-bakanligi-mescid-i-aksaya-yapilan-baskini-siddetle-kinadi","status":"publish","type":"post","link":"https:\/\/haberulus.net\/?p=92532","title":{"rendered":"D\u0131\u015fi\u015fleri Bakanl\u0131\u011f\u0131, Mescid-i Aksa\u2019ya yap\u0131lan bask\u0131n\u0131 \u015fiddetle k\u0131nad\u0131"},"content":{"rendered":"<p>Abluka alt\u0131ndaki Gazze \u015eeridi\u2019nde bulunan Filistinli gruplar taraf\u0131ndan organize edilen eyleme onlarca ki\u015fi kat\u0131ld\u0131.<\/p>\n<p>Ellerinde Filistin bayraklar\u0131yla Gazze\u2019nin \u0130srail s\u0131n\u0131r\u0131ndaki tel \u00f6rg\u00fclerin yak\u0131n\u0131nda toplanan gen\u00e7ler, ara\u00e7 lastiklerini ate\u015fe verdi.<\/p>\n<p>Filistinli g\u00f6stericiler s\u0131k s\u0131k \u201cKud\u00fcs bizimdir\u201d, \u201cCan\u0131m\u0131z, kan\u0131m\u0131z sana feda olsun ey Aksa\u201d, \u201cMilyonlarca \u015fehit (versek de) Kud\u00fcs\u2019e gidece\u011fiz \u201d \u015feklinde sloganlar att\u0131.<\/p>\n<p>Tel \u00f6rg\u00fclerin kar\u015f\u0131s\u0131nda toplanan \u0130srail askerleri ise Filistinlilerin bulundu\u011fu tarafa g\u00f6z ya\u015fart\u0131c\u0131 gaz bombas\u0131 att\u0131.<\/p>\n<p>Hamas S\u00f6zc\u00fcs\u00fc Abdullatif Kanu, AA muhabirine yapt\u0131\u011f\u0131 a\u00e7\u0131klamada, \u201cbayrak y\u00fcr\u00fcy\u00fc\u015f\u00fc\u201dn\u00fcn, \u0130srail\u2019in Mescid-i Aksa \u00fczerindeki egemenli\u011fini geni\u015fletme giri\u015fiminin g\u00f6stergelerinden biri oldu\u011funu s\u00f6yledi.<\/p>\n<p>Filistin halk\u0131n\u0131n g\u00f6sterdi\u011fi azim ve kararl\u0131l\u0131\u011f\u0131n, \u0130srail\u2019in amac\u0131na ula\u015fmas\u0131n\u0131 engelleyece\u011fini vurgulayan Kanu, \u0130srail ile Mescid-i Aksa\u2019n\u0131n kimli\u011fi \u00fczerinden y\u00fcr\u00fctt\u00fckleri m\u00fccadelenin a\u00e7\u0131k oldu\u011funu ve devam etti\u011fini dile getirdi.<\/p>\n<p><strong>\u201cBAYRAK Y\u00dcR\u00dcY\u00dc\u015e\u00dc\u201d<\/strong><\/p>\n<p>A\u015f\u0131r\u0131 sa\u011fc\u0131 fanatik Yahudi yerle\u015fimciler, 1967\u2019de \u0130srail\u2019in Do\u011fu Kud\u00fcs\u2019\u00fc i\u015fgal etmesi dolay\u0131s\u0131yla \u0130brani Takvimi\u2019ne g\u00f6re her y\u0131l provokatif \u201cbayrak y\u00fcr\u00fcy\u00fc\u015f\u00fc\u201d d\u00fczenliyor.<\/p>\n<p>\u201cBayrak y\u00fcr\u00fcy\u00fc\u015f\u00fc\u201dnde on binlerce Yahudi yerle\u015fimci, Filistinlilerin yo\u011funlukta ya\u015fad\u0131\u011f\u0131 Do\u011fu Kud\u00fcs\u2019\u00fcn Eski \u015eehir b\u00f6lgesinden ge\u00e7iyor.<\/p>\n<p>\u0130srail polisi, y\u00fcr\u00fcy\u00fc\u015f s\u00fcresince Filistinlilerin ya\u015fad\u0131\u011f\u0131 b\u00f6lgeleri yaya ve ara\u00e7 trafi\u011fine kapat\u0131yor. \u0130srail bayraklar\u0131yla \u0131rk\u00e7\u0131 mar\u015flar s\u00f6yleyerek y\u00fcr\u00fcyen binlerce fanatik Yahudi yerle\u015fimcinin Filistinlilere, d\u00fckkanlar\u0131na, evlerine, ara\u00e7lar\u0131na sald\u0131rd\u0131\u011f\u0131 olaylar ya\u015fan\u0131yor.<\/p>\n<p>\u0130srail, bu seneki y\u00fcr\u00fcy\u00fc\u015fte 3 bin 200 personel g\u00f6revlendirdi\u011fini duyurmu\u015ftu.<\/p>\n<p><strong>DI\u015e\u0130\u015eLER\u0130 BAKANLI\u011eI\u2019NDAN KINAMA<\/strong><\/p>\n<p>D\u0131\u015fi\u015fleri Bakanl\u0131\u011f\u0131 taraf\u0131ndan\u00a0yap\u0131lan a\u00e7\u0131klamada, \u201cFanatik Yahudi gruplar\u0131n Harem-i \u015eerif\u2019teki tarihi stat\u00fckoyu bir kez daha ihlal ederek, \u0130srail polisinin korumas\u0131 alt\u0131nda Mescid-i Aksa\u2019ya bask\u0131n d\u00fczenlemesini ve bu b\u00f6lgede ibadet giri\u015fimlerinde bulunmas\u0131n\u0131 \u015fiddetle k\u0131n\u0131yoruz.\u201d ifadesine yer verildi.<\/p>\n<p>A\u00e7\u0131klamada, Bakanl\u0131\u011f\u0131n \u0130srail h\u00fck\u00fcmetine bu t\u00fcr provokatif eylemlere izin verilmemesi y\u00f6n\u00fcndeki \u00e7a\u011fr\u0131s\u0131n\u0131 yineledi\u011fi ve bunu teminen kutsal mekanlardaki stat\u00fckonun korunmas\u0131na y\u00f6nelik gerekli \u00f6nlemlerin ciddiyetle ve gecikmeksizin al\u0131nmas\u0131n\u0131 bekledi\u011fi belirtildi.<\/p>\n<p><strong>\u0130\u015eGAL ALTINDAK\u0130 DO\u011eU KUD\u00dcS<\/strong><\/p>\n<p>\u0130srail, 1967\u2019deki Alt\u0131 G\u00fcn Sava\u015f\u0131\u2019n\u0131n ard\u0131ndan Kud\u00fcs\u2019\u00fcn do\u011fusunu i\u015fgal etti. Uluslararas\u0131 hukuka g\u00f6re, Do\u011fu Kud\u00fcs i\u015fgal alt\u0131nda kabul ediliyor.<\/p>\n<p>Ancak \u0130srail, 1980\u2019de tek tarafl\u0131 \u015fekilde Kud\u00fcs\u2019\u00fc \u201cb\u00fct\u00fcn ve birle\u015fik ba\u015fkenti\u201d olarak ilan etti. \u0130srail\u2019in bu karar\u0131 uluslararas\u0131 toplum taraf\u0131ndan kabul g\u00f6rmedi.<\/p>\n<p>Uluslararas\u0131 hukuka g\u00f6re \u0130srail\u2019in Do\u011fu Kud\u00fcs\u2019teki hakimiyeti yasa d\u0131\u015f\u0131 kabul ediliyor. \u0130srail\u2019in Do\u011fu Kud\u00fcs\u2019te demografik dengeyi Yahudi n\u00fcfusa g\u00f6re dengelemek i\u00e7in in\u015fa etti\u011fi yerle\u015fim yerleri de hukuka ayk\u0131r\u0131 say\u0131l\u0131yor.<\/p>\n<p>Do\u011fu Kud\u00fcs\u2019\u00fc gelecekteki ba\u015fkenti olarak kabul eden Filistin, \u0130srail\u2019i \u015fehirdeki Filistinli n\u00fcfusa ayr\u0131mc\u0131l\u0131k uygulamak ve \u201ckenti Yahudile\u015ftirmeye \u00e7al\u0131\u015fmakla\u201d su\u00e7luyor. (AA)<\/p>\n","protected":false},"excerpt":{"rendered":"<p>Fanatik Yahudi yerle\u015fimcilerin i\u015fgal alt\u0131ndaki Do\u011fu Kud\u00fcs&#8217;te d\u00fczenledi\u011fi provokatif &#8220;bayrak y\u00fcr\u00fcy\u00fc\u015f\u00fc&#8221; Gazze&#8217;nin \u0130srail s\u0131n\u0131r\u0131nda protesto edildi. D\u0131\u015fi\u015fleri Bakanl\u0131\u011f\u0131 da, fanatik Yahudi gruplar\u0131n \u0130srail polisi korumas\u0131nda Mescid-i Aksa&#8217;ya bask\u0131n d\u00fczenlemesini \u015fiddetle k\u0131nad\u0131.<\/p>\n","protected":false},"author":1,"featured_media":92533,"comment_status":"closed","ping_status":"open","sticky":false,"template":"","format":"standard","meta":{"footnotes":""},"categories":[24],"tags":[12011,5683,349,2603,257],"class_list":["post-92532","post","type-post","status-publish","format-standard","has-post-thumbnail","hentry","category-dunya","tag-dogu-kudus","tag-filistinli","tag-israil","tag-yahudi","tag-yuruyus"],"_links":{"self":[{"href":"https:\/\/haberulus.net\/index.php?rest_route=\/wp\/v2\/posts\/92532","targetHints":{"allow":["GET"]}}],"collection":[{"href":"https:\/\/haberulus.net\/index.php?rest_route=\/wp\/v2\/posts"}],"about":[{"href":"https:\/\/haberulus.net\/index.php?rest_route=\/wp\/v2\/types\/post"}],"author":[{"embeddable":true,"href":"https:\/\/haberulus.net\/index.php?rest_route=\/wp\/v2\/users\/1"}],"replies":[{"embeddable":true,"href":"https:\/\/haberulus.net\/index.php?rest_route=%2Fwp%2Fv2%2Fcomments&post=92532"}],"version-history":[{"count":1,"href":"https:\/\/haberulus.net\/index.php?rest_route=\/wp\/v2\/posts\/92532\/revisions"}],"predecessor-version":[{"id":92534,"href":"https:\/\/haberulus.net\/index.php?rest_route=\/wp\/v2\/posts\/92532\/revisions\/92534"}],"wp:featuredmedia":[{"embeddable":true,"href":"https:\/\/haberulus.net\/index.php?rest_route=\/wp\/v2\/media\/92533"}],"wp:attachment":[{"href":"https:\/\/haberulus.net\/index.php?rest_route=%2Fwp%2Fv2%2Fmedia&parent=92532"}],"wp:term":[{"taxonomy":"category","embeddable":true,"href":"https:\/\/haberulus.net\/index.php?rest_route=%2Fwp%2Fv2%2Fcategories&post=92532"},{"taxonomy":"post_tag","embeddable":true,"href":"https:\/\/haberulus.net\/index.php?rest_route=%2Fwp%2Fv2%2Ftags&post=92532"}],"curies":[{"name":"wp","href":"https:\/\/api.w.org\/{rel}","templated":true}]}}