{"id":92583,"date":"2023-05-18T20:49:02","date_gmt":"2023-05-18T20:49:02","guid":{"rendered":"https:\/\/haberulus.net\/?p=92583"},"modified":"2023-05-18T20:49:02","modified_gmt":"2023-05-18T20:49:02","slug":"ozdagdan-kilicdaroglunun-multeci-cikisiyla-ilgili-yorum-gozlerimi-kapattim-kendim-konusuyorum-zannettim","status":"publish","type":"post","link":"https:\/\/haberulus.net\/?p=92583","title":{"rendered":"\u00d6zda\u011f&#8217;dan K\u0131l\u0131\u00e7daro\u011flu&#8217;nun m\u00fclteci \u00e7\u0131k\u0131\u015f\u0131yla ilgili yorum: G\u00f6zlerimi kapatt\u0131m, kendim konu\u015fuyorum zannettim"},"content":{"rendered":"<p> <strong>Zafer Partisi<\/strong> Genel Ba\u015fkan\u0131 \u00dcmit \u00d6zda\u011f, CHP Genel Ba\u015fkan\u0131 ve Millet \u0130ttifak\u0131 Cumhurba\u015fkan\u0131 aday\u0131 Kemal K\u0131l\u0131\u00e7daro\u011flu ile yar\u0131n g\u00f6r\u00fc\u015fme ger\u00e7ekle\u015ftirece\u011fini s\u00f6yledi. <\/p>\n<p><b>2. TUR \u0130\u00c7\u0130N DE\u011eERLEND\u0130RMELERDE BULUNDU<\/b><\/p>\n<p>Flash TV&#8217;de gazetecilerin sorular\u0131n\u0131 cevaplayan Zafer Partisi Genel Ba\u015fkan\u0131 \u00dcmit \u00d6zda\u011f, Cumhur \u0130ttifak\u0131 aday\u0131 Recep Tayyip Erdo\u011fan ve Millet \u0130ttifak\u0131 aday\u0131 Kemal K\u0131l\u0131\u00e7daro\u011flu aras\u0131nda ge\u00e7ecek ikinci tur yar\u0131\u015f\u0131 i\u00e7in kritik de\u011ferlendirmelerde bulundu. <\/p>\n<p><b>TELEFON G\u00d6R\u00dc\u015eMES\u0130 SONRASI Y\u00dcZ Y\u00dcZE G\u00d6R\u00dc\u015eME <\/b><\/p>\n<p>\u00dcmit \u00d6zda\u011f, Kemal K\u0131l\u0131\u00e7daro\u011flu ile bug\u00fcn telefonda g\u00f6r\u00fc\u015ft\u00fc\u011f\u00fcn\u00fc yar\u0131n ise y\u00fcz y\u00fcze g\u00f6r\u00fc\u015feceklerini a\u00e7\u0131klad\u0131. \u00d6zda\u011f, &#8220;Kemal Bey ile telefonda g\u00f6r\u00fc\u015ft\u00fck bug\u00fcn. Bunlar normal \u015feyler. Saati belli de\u011fil hen\u00fcz. \u00d6nce tek tek sonra birlikte g\u00f6r\u00fc\u015fme olur. S\u00fcre\u00e7 i\u00e7erisinde netle\u015fir&#8221; dedi. <\/p>\n<p><b>&#8220;KEMAL BEY KONU\u015eURKEN, KEND\u0130M KONU\u015eUYORUM ZANNETT\u0130M&#8221;<\/b><\/p>\n<p>K\u0131l\u0131\u00e7daro\u011flu&#8217;nun son a\u00e7\u0131klamalar\u0131ndaki m\u00fclteci vurgusuna da de\u011finen \u00d6zda\u011f &#8220;Kemal Bey&#8217;in d\u00fcn ve bug\u00fcn yapt\u0131\u011f\u0131 a\u00e7\u0131klamaya bak\u0131n. G\u00f6zlerimi kapatt\u0131m, kendim konu\u015fuyorum zannettim. Sadece ben 13 milyon m\u00fclteci oldu\u011funu biliyorum, Kemal Bey 10 milyon dedi, yanl\u0131\u015f bilgi vermi\u015fler&#8221; dedi.<\/p>\n<p><b>&#8220;SIRTIMIZDA GER\u00c7EKTEN B\u00dcY\u00dcK B\u0130R Y\u00dcKLE KAR\u015eI KAR\u015eIYAYIZ&#8221;<\/b><\/p>\n<p>\u00d6zda\u011f, &#8220;Biz \u015fu anda bir tarafa meyil yok bir g\u00f6r\u00fc\u015fme s\u00fcreci var. Bizim ne s\u00f6yleyece\u011fimizi defaatle konu\u015ftuk. Biz de\u011ferlendirmelerimizi yapt\u0131k taban\u0131m\u0131zla da g\u00f6r\u00fc\u015fmeler devam ediyor. S\u0131rt\u0131m\u0131zda ger\u00e7ekten b\u00fcy\u00fck bir y\u00fckle kar\u015f\u0131 kar\u015f\u0131yay\u0131z. T\u00fcrkiye&#8217;nin kilitlenmesine ve zaten sa\u011fl\u0131ks\u0131z olan bir zeminde devam etmesine kendi imkan ve kabiliyetlerimiz \u00f6l\u00e7\u00fcs\u00fcnde izin vermemeye \u00e7al\u0131\u015f\u0131yoruz&#8221; ifadelerini kulland\u0131.<\/p><\/p>\n","protected":false},"excerpt":{"rendered":"<p>2. tur se\u00e7imiyle ilgili de\u011ferlendirmelerde bulunan Zafer Partisi Genel Ba\u015fkan\u0131 \u00dcmit \u00d6zda\u011f, Millet \u0130ttifak\u0131&#8217;n\u0131n aday\u0131 Kemal K\u0131l\u0131\u00e7daro\u011flu&#8217;nun bug\u00fcn yapt\u0131\u011f\u0131 konu\u015fmadaki m\u00fclteci vurgusuna ili\u015fkin &#8220;G\u00f6zlerimi kapatt\u0131m, kendim konu\u015fuyorum zannettim. Sadece ben 13 milyon m\u00fclteci oldu\u011funu biliyorum, Kemal Bey 10 milyon dedi, yanl\u0131\u015f bilgi vermi\u015fler&#8221; ifadelerini kulland\u0131.<\/p>\n","protected":false},"author":1,"featured_media":92584,"comment_status":"closed","ping_status":"open","sticky":false,"template":"","format":"standard","meta":{"footnotes":""},"categories":[28],"tags":[264,3599,503],"class_list":["post-92583","post","type-post","status-publish","format-standard","has-post-thumbnail","hentry","category-politika","tag-gorusme","tag-kemal","tag-ozdag"],"_links":{"self":[{"href":"https:\/\/haberulus.net\/index.php?rest_route=\/wp\/v2\/posts\/92583","targetHints":{"allow":["GET"]}}],"collection":[{"href":"https:\/\/haberulus.net\/index.php?rest_route=\/wp\/v2\/posts"}],"about":[{"href":"https:\/\/haberulus.net\/index.php?rest_route=\/wp\/v2\/types\/post"}],"author":[{"embeddable":true,"href":"https:\/\/haberulus.net\/index.php?rest_route=\/wp\/v2\/users\/1"}],"replies":[{"embeddable":true,"href":"https:\/\/haberulus.net\/index.php?rest_route=%2Fwp%2Fv2%2Fcomments&post=92583"}],"version-history":[{"count":1,"href":"https:\/\/haberulus.net\/index.php?rest_route=\/wp\/v2\/posts\/92583\/revisions"}],"predecessor-version":[{"id":92585,"href":"https:\/\/haberulus.net\/index.php?rest_route=\/wp\/v2\/posts\/92583\/revisions\/92585"}],"wp:featuredmedia":[{"embeddable":true,"href":"https:\/\/haberulus.net\/index.php?rest_route=\/wp\/v2\/media\/92584"}],"wp:attachment":[{"href":"https:\/\/haberulus.net\/index.php?rest_route=%2Fwp%2Fv2%2Fmedia&parent=92583"}],"wp:term":[{"taxonomy":"category","embeddable":true,"href":"https:\/\/haberulus.net\/index.php?rest_route=%2Fwp%2Fv2%2Fcategories&post=92583"},{"taxonomy":"post_tag","embeddable":true,"href":"https:\/\/haberulus.net\/index.php?rest_route=%2Fwp%2Fv2%2Ftags&post=92583"}],"curies":[{"name":"wp","href":"https:\/\/api.w.org\/{rel}","templated":true}]}}