{"id":92625,"date":"2023-05-18T22:35:03","date_gmt":"2023-05-18T22:35:03","guid":{"rendered":"https:\/\/haberulus.net\/?p=92625"},"modified":"2023-05-18T22:35:03","modified_gmt":"2023-05-18T22:35:03","slug":"bidenin-azledilmesi-icin-harekete-gectiler","status":"publish","type":"post","link":"https:\/\/haberulus.net\/?p=92625","title":{"rendered":"Biden\u2019\u0131n azledilmesi i\u00e7in harekete ge\u00e7tiler"},"content":{"rendered":"<p>Eski ABD Ba\u015fkan\u0131 Donald Trump\u2019a yak\u0131nl\u0131\u011f\u0131yla bilinen Milletvekili Greene, Kongre\u2019de yapt\u0131\u011f\u0131 bas\u0131n toplant\u0131s\u0131nda, Biden\u2019\u0131n azledilmesi i\u00e7in su\u00e7lama dayanaklar\u0131n\u0131 meclise sunmaya haz\u0131rland\u0131\u011f\u0131n\u0131 a\u00e7\u0131klad\u0131.<\/p>\n<p>Greene, Biden\u2019\u0131n \u201csistematik olarak \u00fclkeyi mahvetti\u011fini\u201d \u00f6ne s\u00fcrerek, \u201cBiden, g\u00f6\u00e7menlik yasalar\u0131n\u0131 uygulamay\u0131 ve s\u0131n\u0131rlar\u0131m\u0131z\u0131 g\u00fcvence alt\u0131na almay\u0131 reddederek kas\u0131tl\u0131 olarak ulusal g\u00fcvenli\u011fimizi tehlikeye att\u0131 ve 170\u2019ten fazla \u00fclkeden yakla\u015f\u0131k 6 milyon yasa d\u0131\u015f\u0131 (g\u00f6\u00e7menin) \u00fclkemizi i\u015fgal etmesine izin verdi.\u201d ifadesini kulland\u0131.<\/p>\n<p>Biden\u2019\u0131 kasten yasan\u0131n gerekliliklerini yerine getirmemekle su\u00e7layan Greene, s\u0131n\u0131rdaki g\u00fcvenlik zafiyeti nedeniyle fentanil kaynakl\u0131 \u00f6l\u00fcmlerden de Ba\u015fkan\u2019\u0131 sorumlu tuttu.<\/p>\n<p>Greene, Biden\u2019\u0131n gerekli \u00f6nlemleri almayarak \u201cAmerikan vatanda\u015flar\u0131n\u0131n hayatlar\u0131n\u0131 tehlikeye att\u0131\u011f\u0131n\u0131\u201d iddia ederek, \u201cBiden\u2019\u0131n anayasal g\u00f6revini bariz bir \u015fekilde ihlal etmesi ulusal g\u00fcvenli\u011fimize do\u011frudan bir tehdittir. Bu nedenle Biden, ABD Ba\u015fkan\u0131 olarak hizmet etmeye uygun de\u011fil.\u201d \u015feklinde konu\u015ftu. Greene, bu nedenle Biden\u2019\u0131n azledilmesi gerekti\u011fi g\u00f6r\u00fc\u015f\u00fcn\u00fc savundu.<\/p>\n<p>Cumhuriyet\u00e7i milletvekilinin azil talebiyle ilgili Cumhuriyet\u00e7ilerin \u00e7o\u011funlukta oldu\u011fu Temsilciler Meclisinde harekete ge\u00e7ilse dahi Senato\u2019da Demokratlar\u0131n \u00e7o\u011funlukta olmas\u0131 nedeniyle s\u00f6z konusu ad\u0131m\u0131n bir sonuca varmas\u0131 beklenmiyor.<\/p>\n<p>Greene, benzer \u015fekilde d\u00fcn, yarg\u0131y\u0131 Cumhuriyet\u00e7ilere kar\u015f\u0131 militarize etti\u011fini savundu\u011fu Adalet Bakan\u0131 Merrick Garland, d\u00fczensiz g\u00f6\u00e7men sorunuyla m\u00fccadele edemedi\u011fini \u00f6ne s\u00fcrd\u00fc\u011f\u00fc \u0130\u00e7 G\u00fcvenlik Bakan\u0131 Alejandro Mayorkas ve Biden y\u00f6netimini desteklemeyenlere kar\u015f\u0131 ad\u0131mlar att\u0131\u011f\u0131n\u0131 iddia etti\u011fi FBI Direkt\u00f6r\u00fc Christopher Wray\u2019in azli i\u00e7in de su\u00e7lama dayanaklar\u0131n\u0131 meclise sunmu\u015ftu. (AA)<\/p>\n","protected":false},"excerpt":{"rendered":"<p>ABD&#8217;de Temsilciler Meclisi \u00fcyesi Cumhuriyet\u00e7i Vekil Marjorie Taylor-Greene, \u00fclkenin s\u0131n\u0131r g\u00fcvenli\u011fini ve dolay\u0131s\u0131yla ulusal g\u00fcvenli\u011fini sa\u011flayamamakla itham etti\u011fi Ba\u015fkan Joe Biden&#8217;\u0131n azledilmesi i\u00e7in gerekli ad\u0131mlar\u0131 atmaya haz\u0131rlan\u0131yor.<\/p>\n","protected":false},"author":1,"featured_media":92626,"comment_status":"closed","ping_status":"open","sticky":false,"template":"","format":"standard","meta":{"footnotes":""},"categories":[24],"tags":[],"class_list":["post-92625","post","type-post","status-publish","format-standard","has-post-thumbnail","hentry","category-dunya"],"_links":{"self":[{"href":"https:\/\/haberulus.net\/index.php?rest_route=\/wp\/v2\/posts\/92625","targetHints":{"allow":["GET"]}}],"collection":[{"href":"https:\/\/haberulus.net\/index.php?rest_route=\/wp\/v2\/posts"}],"about":[{"href":"https:\/\/haberulus.net\/index.php?rest_route=\/wp\/v2\/types\/post"}],"author":[{"embeddable":true,"href":"https:\/\/haberulus.net\/index.php?rest_route=\/wp\/v2\/users\/1"}],"replies":[{"embeddable":true,"href":"https:\/\/haberulus.net\/index.php?rest_route=%2Fwp%2Fv2%2Fcomments&post=92625"}],"version-history":[{"count":1,"href":"https:\/\/haberulus.net\/index.php?rest_route=\/wp\/v2\/posts\/92625\/revisions"}],"predecessor-version":[{"id":92627,"href":"https:\/\/haberulus.net\/index.php?rest_route=\/wp\/v2\/posts\/92625\/revisions\/92627"}],"wp:featuredmedia":[{"embeddable":true,"href":"https:\/\/haberulus.net\/index.php?rest_route=\/wp\/v2\/media\/92626"}],"wp:attachment":[{"href":"https:\/\/haberulus.net\/index.php?rest_route=%2Fwp%2Fv2%2Fmedia&parent=92625"}],"wp:term":[{"taxonomy":"category","embeddable":true,"href":"https:\/\/haberulus.net\/index.php?rest_route=%2Fwp%2Fv2%2Fcategories&post=92625"},{"taxonomy":"post_tag","embeddable":true,"href":"https:\/\/haberulus.net\/index.php?rest_route=%2Fwp%2Fv2%2Ftags&post=92625"}],"curies":[{"name":"wp","href":"https:\/\/api.w.org\/{rel}","templated":true}]}}