{"id":92643,"date":"2023-05-19T05:35:05","date_gmt":"2023-05-19T05:35:05","guid":{"rendered":"https:\/\/haberulus.net\/?p=92643"},"modified":"2023-05-19T05:35:05","modified_gmt":"2023-05-19T05:35:05","slug":"buyuk-yon-degisimi-esad-suudi-arabistana-giderken-suriyeden-multecilerin-donusu-aciklamasi","status":"publish","type":"post","link":"https:\/\/haberulus.net\/?p=92643","title":{"rendered":"B\u00fcy\u00fck y\u00f6n de\u011fi\u015fimi: Esad Suudi Arabistan\u2019a giderken Suriye\u2019den \u2018m\u00fcltecilerin d\u00f6n\u00fc\u015f\u00fc\u2019 a\u00e7\u0131klamas\u0131"},"content":{"rendered":"<p>Son d\u00f6nemde Suudi Arabistan dahil bir dizi Arap \u00fclkesiyle ili\u015fkileri normalle\u015ftirme y\u00f6n\u00fcnde ad\u0131mlar atan Suriye&#8217;nin Devlet Ba\u015fkan\u0131 Be\u015far Esad, 2010&#8217;dan bu yana ilk defa Arap Birli\u011fi zirvesine kat\u0131lmak \u00fczere Cidde&#8217;ye gitti.<\/p>\n<p>Bug\u00fcn d\u00fczenlenecek Arap Birli\u011fi zirvesi i\u00e7in d\u00fcn ak\u015fam Cidde&#8217;deki Kral Abdulaziz Havaliman\u0131&#8217;na inen Esad ve beraberindeki heyet, Arap Birli\u011fi Genel Sekreteri Ahmed Ebu Geyt ve \u00fcst d\u00fczey Suudi yetkililer taraf\u0131ndan havaliman\u0131nda kar\u015f\u0131land\u0131.<\/p>\n<p>Esad&#8217;\u0131n Suudi Arabistan Kral\u0131&#8217;n\u0131n davetiyle \u00fclkeye gitti\u011fi belirtildi. Suriye liderinin Cidde&#8217;deki zirveye kat\u0131l\u0131m\u0131, \u00fclkenin Arap d\u00fcnyas\u0131na geri d\u00f6n\u00fc\u015f\u00fcn\u00fcn yan\u0131 s\u0131ra 2011&#8217;de patlak veren sava\u015f\u0131n ard\u0131ndan b\u00f6lgede yeni bir sayfa a\u00e7\u0131lmas\u0131 anlam\u0131na geliyor.<\/p>\n<p>Arap Birli\u011fi, \u00fclkede patlak veren sava\u015f nedeniyle 12 Kas\u0131m 2011&#8217;de Suriye&#8217;nin \u00fcyeli\u011fini ask\u0131ya alm\u0131\u015f, Suudi Arabistan dahil bir\u00e7ok birlik \u00fclkesi Esad y\u00f6netimine kar\u015f\u0131 sava\u015fan silahl\u0131 muhalifleri desteklemi\u015fti.<\/p>\n<p><strong>ORTADO\u011eU\u2019DA NORMALLE\u015eME R\u00dcZGARI<\/strong><\/p>\n<p>Suriye h\u00fck\u00fcmetinin Rusya&#8217;n\u0131n askeri deste\u011fiyle sava\u015fta \u00fcst\u00fcn gelmesiyle son d\u00f6nemde bir\u00e7ok b\u00f6lge \u00fclkesi y\u00f6n de\u011fi\u015ftirerek \u015eam&#8217;la normalle\u015ftirme ad\u0131mlar\u0131 at\u0131yor. \u015eubatta T\u00fcrkiye ve Suriye\u2019yi vuran ve 6 binden fazla Suriyelinin \u00f6l\u00fcm\u00fcne neden olan depremlerin ard\u0131ndan \u015eam ve Arap \u00fclkeleri aras\u0131nda diplomatik temaslar yo\u011funla\u015fm\u0131\u015ft\u0131.<\/p>\n<div><img decoding=\"async\" src=\"https:\/\/i01.sozcucdn.com\/wp-content\/uploads\/2023\/05\/19\/esad3-reuters.jpg\" alt=\"\" title=\"\"><\/p>\n<p>Suriye lideri Esad, Cidde\u2019de Mekke Vali Yard\u0131mc\u0131s\u0131 Prens Bedir bin Sultan bin Abdulaziz\u2019le g\u00f6r\u00fc\u015ft\u00fc<\/p>\n<\/div>\n<p>Birli\u011fe \u00fcye \u00fclkelerin d\u0131\u015fi\u015fleri bakanlar\u0131, 7 May\u0131s&#8217;ta Kahire&#8217;de d\u00fczenlenen Arap D\u0131\u015fi\u015fleri Bakanlar\u0131 Toplant\u0131s\u0131&#8217;nda, Suriye&#8217;nin Arap Birli\u011fi&#8217;ne d\u00f6nmesi konusunda anla\u015fmaya varm\u0131\u015ft\u0131.<\/p>\n<p>T\u00fcrkiye&#8217;nin de Suriye&#8217;yle ili\u015fkileri normalle\u015ftirme konusunda g\u00f6r\u00fc\u015fmeler y\u00fcr\u00fctt\u00fc\u011f\u00fc bir d\u00f6nemde ya\u015fanan bu diplomatik s\u00fcrece ABD&#8217;den itirazlar geliyor. Ayr\u0131ca Katar da Suriye&#8217;nin Arap Birli\u011fi&#8217;ne d\u00f6nmesine kar\u015f\u0131 oldu\u011funu a\u00e7\u0131klam\u0131\u015ft\u0131.<\/p>\n<p>\u00d6te yandan Ortado\u011fu&#8217;daki normalle\u015fme s\u00fcreci kapsam\u0131nda Suudi Arabistan, Suriye&#8217;nin m\u00fcttefiki \u0130ran&#8217;la da ili\u015fkileri d\u00fczeltme y\u00f6n\u00fcnde ad\u0131mlar att\u0131.<\/p>\n<p><strong>SUR\u0130YE: M\u00dcLTEC\u0130LER\u0130N D\u00d6N\u00dc\u015e\u00dcN\u00dcN \u015eARTLARI VAR<\/strong><\/p>\n<p>Bu arada Arap Birli\u011fi zirvesi i\u00e7in Suudi Arabistan&#8217;a giden Suriye D\u0131\u015fi\u015fleri Bakanl\u0131\u011f\u0131 yetkilileri, Al Arabiya televizyonuna T\u00fcrkiye\u2019deki m\u00fcltecilerin d\u00f6n\u00fc\u015f\u00fcyle ilgili dikkat \u00e7eken a\u00e7\u0131klamalar yapt\u0131.<\/p>\n<p>Marbuta Haber sitesinin aktard\u0131\u011f\u0131 habere g\u00f6re, T\u00fcrkiye&#8217;deki se\u00e7imlerde g\u00fcndem olan Suriyeli m\u00fcltecilerin \u00fclkelerine geri d\u00f6n\u00fc\u015f\u00fc konusuna de\u011finen bakanl\u0131k yetkilileri, \u201cM\u00fcltecilerin anavatanlar\u0131na d\u00f6nmesini istiyoruz ve bu d\u00f6n\u00fc\u015f\u00fcn \u015fartlar\u0131 var. Suriye&#8217;ye yapt\u0131r\u0131m uygulanmas\u0131 m\u00fcltecilerin d\u00f6n\u00fc\u015f\u00fcn\u00fc engelliyor. T\u00fcrkiye&#8217;nin Suriye&#8217;deki rol\u00fc y\u0131k\u0131c\u0131 ve Ankara yeni bir yakla\u015f\u0131m benimsemeli\u201d mesaj\u0131 verdi.<\/p>\n","protected":false},"excerpt":{"rendered":"<p>Ankara-\u015eam hatt\u0131nda normalle\u015fme \u00e7abalar\u0131 s\u00fcrerken, Suriye lideri Esad bug\u00fcn y\u0131llar sonra ilk defa Arap Birli\u011fi zirvesine kat\u0131l\u0131yor. Ortado\u011fu\u2019da yeni bir sayfa a\u00e7mas\u0131 beklenen temaslar h\u0131z kesmezken, \u015eam\u2019dan T\u00fcrkiye\u2019deki m\u00fcltecilerin d\u00f6n\u00fc\u015f\u00fcyle ilgili de dikkat \u00e7eken bir a\u00e7\u0131klama geldi.<\/p>\n","protected":false},"author":1,"featured_media":92644,"comment_status":"closed","ping_status":"open","sticky":false,"template":"","format":"standard","meta":{"footnotes":""},"categories":[24],"tags":[8709,12017,12018,44,15],"class_list":["post-92643","post","type-post","status-publish","format-standard","has-post-thumbnail","hentry","category-dunya","tag-arap-birligi","tag-donusu","tag-multecilerin","tag-suriye","tag-turkiye"],"_links":{"self":[{"href":"https:\/\/haberulus.net\/index.php?rest_route=\/wp\/v2\/posts\/92643","targetHints":{"allow":["GET"]}}],"collection":[{"href":"https:\/\/haberulus.net\/index.php?rest_route=\/wp\/v2\/posts"}],"about":[{"href":"https:\/\/haberulus.net\/index.php?rest_route=\/wp\/v2\/types\/post"}],"author":[{"embeddable":true,"href":"https:\/\/haberulus.net\/index.php?rest_route=\/wp\/v2\/users\/1"}],"replies":[{"embeddable":true,"href":"https:\/\/haberulus.net\/index.php?rest_route=%2Fwp%2Fv2%2Fcomments&post=92643"}],"version-history":[{"count":1,"href":"https:\/\/haberulus.net\/index.php?rest_route=\/wp\/v2\/posts\/92643\/revisions"}],"predecessor-version":[{"id":92645,"href":"https:\/\/haberulus.net\/index.php?rest_route=\/wp\/v2\/posts\/92643\/revisions\/92645"}],"wp:featuredmedia":[{"embeddable":true,"href":"https:\/\/haberulus.net\/index.php?rest_route=\/wp\/v2\/media\/92644"}],"wp:attachment":[{"href":"https:\/\/haberulus.net\/index.php?rest_route=%2Fwp%2Fv2%2Fmedia&parent=92643"}],"wp:term":[{"taxonomy":"category","embeddable":true,"href":"https:\/\/haberulus.net\/index.php?rest_route=%2Fwp%2Fv2%2Fcategories&post=92643"},{"taxonomy":"post_tag","embeddable":true,"href":"https:\/\/haberulus.net\/index.php?rest_route=%2Fwp%2Fv2%2Ftags&post=92643"}],"curies":[{"name":"wp","href":"https:\/\/api.w.org\/{rel}","templated":true}]}}