{"id":92664,"date":"2023-05-19T06:49:03","date_gmt":"2023-05-19T06:49:03","guid":{"rendered":"https:\/\/haberulus.net\/?p=92664"},"modified":"2023-05-19T06:49:03","modified_gmt":"2023-05-19T06:49:03","slug":"oganin-oyu-ikinci-turda-nasil-dagilir-secim-sonuclarini-bilen-anketci-3-farkli-senaryo-uzerinde-durdu","status":"publish","type":"post","link":"https:\/\/haberulus.net\/?p=92664","title":{"rendered":"O\u011fan&#8217;\u0131n oyu ikinci turda nas\u0131l da\u011f\u0131l\u0131r? Se\u00e7im sonu\u00e7lar\u0131n\u0131 bilen anket\u00e7i 3 farkl\u0131 senaryo \u00fczerinde durdu"},"content":{"rendered":"<p>Cumhurba\u015fkanl\u0131\u011f\u0131 se\u00e7iminin ilk turunda y\u00fczde 50&#8217;yi ge\u00e7en aday olmazken, ATA \u0130ttifak\u0131&#8217;n\u0131n aday\u0131 Sinan O\u011fan&#8217;\u0131n oylar\u0131 AK Parti Genel Ba\u015fkan\u0131 Recep Tayyip Erdo\u011fan&#8217;\u0131n y\u00fczde 49.52 ve CHP lideri Kemal K\u0131l\u0131\u00e7daro\u011flu&#8217;nun y\u00fczde 44.88 oran\u0131nda destek buldu\u011fu d\u00fc\u015f\u00fcn\u00fcld\u00fc\u011f\u00fcnde kritik bir hale geldi.<\/p>\n<p>Di\u011fer anket \u015firketleri \u00e7uvallarken se\u00e7imlerin ikinci tura kalaca\u011f\u0131n\u0131 ve adaylar\u0131n oy oranlar\u0131n\u0131 do\u011fruya yak\u0131n \u015fekilde tahmin eden Sonar Ara\u015ft\u0131rma&#8217;n\u0131n sahibi Hakan Bayrak\u00e7\u0131, ikinci tura dair a\u00e7\u0131klamalarda bulundu. \u0130lk tur i\u00e7in Cumhurba\u015fkan\u0131 Erdo\u011fan&#8217;\u0131n oy oran\u0131n\u0131n y\u00fczde 48.8; Kemal K\u0131l\u0131\u00e7daro\u011flu&#8217;nun oy oran\u0131n\u0131n y\u00fczde 44.1 ve Sinan O\u011fan&#8217;\u0131n oy oran\u0131n\u0131 y\u00fczde 3.5 olarak a\u00e7\u0131klayan Bayrak\u00e7\u0131, CNN T\u00fcrk&#8217;ye yapt\u0131\u011f\u0131 a\u00e7\u0131klamada Sinan O\u011fan&#8217;\u0131n oylar\u0131n\u0131n ikinci turda nas\u0131l da\u011f\u0131labilece\u011fine dair tahminini payla\u015ft\u0131.<\/p>\n<p><b>OY DA\u011eILIMI NASIL OLUR? <\/b><\/p>\n<p>Sinan O\u011fan&#8217;\u0131n &#8220;tarafs\u0131z kalma&#8221;, &#8220;Erdo\u011fan&#8217;\u0131 destekleme&#8221; veya &#8220;K\u0131l\u0131\u00e7daro\u011flu&#8217;nu destekleme&#8221; karar\u0131na g\u00f6re y\u00fczde 5,2&#8217;lik oy da\u011f\u0131l\u0131m\u0131n\u0131n nas\u0131l olaca\u011f\u0131n\u0131 a\u00e7\u0131klayan Bayrak\u00e7\u0131, hen\u00fcz herhangi bir anket sonucuna ula\u015fmad\u0131klar\u0131n\u0131 ve sadece tahminlerini a\u00e7\u0131klad\u0131\u011f\u0131n\u0131 belirtti.<\/p>\n<p><strong>Hakan Bayrak\u00e7\u0131, Sinan O\u011fan&#8217;\u0131n tutumuna g\u00f6re \u00f6ng\u00f6rd\u00fc\u011f\u00fc 3 farkl\u0131 senaryoyu \u015f\u00f6yle a\u00e7\u0131klad\u0131:<\/strong> <\/p>\n<p><strong>Sinan O\u011fan, tarafs\u0131z kal\u0131rsa;<\/strong> <\/p>\n<p>&#8211; Y\u00fczde 1,8 Kemal K\u0131l\u0131\u00e7daro\u011flu&#8217;na gider.<\/p>\n<p>&#8211; Y\u00fczde 1,8 Recep Tayyip Erdo\u011fan&#8217;a gider.<\/p>\n<p>&#8211; Y\u00fczde 1,6 sand\u0131\u011fa gitmez.<\/p>\n<p><strong>Sinan O\u011fan, K\u0131l\u0131\u00e7daro\u011flu&#8217;nu destekleme karar\u0131 al\u0131rsa;<\/strong> <\/p>\n<p>&#8211; Y\u00fczde 2,2 Kemal K\u0131l\u0131\u00e7daro\u011flu&#8217;na gider.<\/p>\n<p>&#8211; Y\u00fczde 1,0 Recep Tayyip Erdo\u011fan&#8217;a gider.<\/p>\n<p>&#8211; Y\u00fczde 2,0 sand\u0131\u011fa gitmez.<\/p>\n<p><strong>Sinan O\u011fan, Erdo\u011fan&#8217;\u0131 destekleme karar\u0131 al\u0131rsa;<\/strong> <\/p>\n<p>&#8211; Y\u00fczde 1,8 Kemal K\u0131l\u0131\u00e7daro\u011flu&#8217;na gider.<\/p>\n<p>&#8211; Y\u00fczde 2,0 Recep Tayyip Erdo\u011fan&#8217;a gider.<\/p>\n<p>&#8211; Y\u00fczde 1,4 sand\u0131\u011fa gitmez.<\/p><\/p>\n","protected":false},"excerpt":{"rendered":"<p>Se\u00e7imlerin ikinci tura kalaca\u011f\u0131n\u0131 ve adaylar\u0131n oy oranlar\u0131n\u0131 do\u011fruya yak\u0131n \u015fekilde tahmin eden Sonar Ara\u015ft\u0131rma Ba\u015fkan\u0131 Hakan Bayrak\u00e7\u0131, ATA \u0130ttifak\u0131&#8217;n\u0131n cumhurba\u015fkan\u0131 aday\u0131 Sinan O\u011fan&#8217;\u0131n oylar\u0131n\u0131n ikinci turda nas\u0131l da\u011f\u0131laca\u011f\u0131na dair 3 farkl\u0131 senaryolu \u00f6ng\u00f6r\u00fcs\u00fcn\u00fc payla\u015ft\u0131.<\/p>\n","protected":false},"author":1,"featured_media":92665,"comment_status":"closed","ping_status":"open","sticky":false,"template":"","format":"standard","meta":{"footnotes":""},"categories":[28],"tags":[711,3599,748],"class_list":["post-92664","post","type-post","status-publish","format-standard","has-post-thumbnail","hentry","category-politika","tag-destek","tag-kemal","tag-tur"],"_links":{"self":[{"href":"https:\/\/haberulus.net\/index.php?rest_route=\/wp\/v2\/posts\/92664","targetHints":{"allow":["GET"]}}],"collection":[{"href":"https:\/\/haberulus.net\/index.php?rest_route=\/wp\/v2\/posts"}],"about":[{"href":"https:\/\/haberulus.net\/index.php?rest_route=\/wp\/v2\/types\/post"}],"author":[{"embeddable":true,"href":"https:\/\/haberulus.net\/index.php?rest_route=\/wp\/v2\/users\/1"}],"replies":[{"embeddable":true,"href":"https:\/\/haberulus.net\/index.php?rest_route=%2Fwp%2Fv2%2Fcomments&post=92664"}],"version-history":[{"count":1,"href":"https:\/\/haberulus.net\/index.php?rest_route=\/wp\/v2\/posts\/92664\/revisions"}],"predecessor-version":[{"id":92666,"href":"https:\/\/haberulus.net\/index.php?rest_route=\/wp\/v2\/posts\/92664\/revisions\/92666"}],"wp:featuredmedia":[{"embeddable":true,"href":"https:\/\/haberulus.net\/index.php?rest_route=\/wp\/v2\/media\/92665"}],"wp:attachment":[{"href":"https:\/\/haberulus.net\/index.php?rest_route=%2Fwp%2Fv2%2Fmedia&parent=92664"}],"wp:term":[{"taxonomy":"category","embeddable":true,"href":"https:\/\/haberulus.net\/index.php?rest_route=%2Fwp%2Fv2%2Fcategories&post=92664"},{"taxonomy":"post_tag","embeddable":true,"href":"https:\/\/haberulus.net\/index.php?rest_route=%2Fwp%2Fv2%2Ftags&post=92664"}],"curies":[{"name":"wp","href":"https:\/\/api.w.org\/{rel}","templated":true}]}}