{"id":92757,"date":"2023-05-19T08:37:05","date_gmt":"2023-05-19T08:37:05","guid":{"rendered":"https:\/\/haberulus.net\/?p=92757"},"modified":"2023-05-19T08:37:05","modified_gmt":"2023-05-19T08:37:05","slug":"hayatinda-deniz-bile-gormemisti-93-yasindaki-nine-8-yilda-abdnin-tum-ulusal-parklarini-gezdi","status":"publish","type":"post","link":"https:\/\/haberulus.net\/?p=92757","title":{"rendered":"Hayat\u0131nda deniz bile g\u00f6rmemi\u015fti\u2026 93 ya\u015f\u0131ndaki nine 8 y\u0131lda ABD\u2019nin t\u00fcm ulusal parklar\u0131n\u0131 gezdi"},"content":{"rendered":"<p>ABD&#8217;de ya\u015fayan 93 ya\u015f\u0131ndaki Joy isimli b\u00fcy\u00fckanne, \u00fclkedeki 63 millipark\u0131n tamam\u0131n\u0131 torunuyla gezerek bir ilke imza att\u0131.<\/p>\n<p>Daha \u00f6nce hayat\u0131nda deniz ya da da\u011f bile g\u00f6rmemi\u015f Ohiolu ya\u015fl\u0131 kad\u0131n, 8 y\u0131l \u00f6nce \u00e7\u0131kt\u0131\u011f\u0131 turda 42 ya\u015f\u0131ndaki torunu Brad Ryan ile beraber ABD&#8217;deki t\u00fcm milli parklar\u0131 gezdi. 85 ya\u015f\u0131nda ya\u015fad\u0131\u011f\u0131 k\u00fc\u00e7\u00fck kasabadan d\u0131\u015far\u0131 \u00e7\u0131karak \u00fclke turuna ba\u015flayan Joy, gezilerine ait foto\u011fraflar\u0131n\u0131 \u201cgrandmajoysroadtrip\u201d isimli Instagram hesab\u0131nda da payla\u015f\u0131yor.<\/p>\n<p><img decoding=\"async\" src=\"https:\/\/i01.sozcucdn.com\/wp-content\/uploads\/2023\/05\/19\/joy4.jpg\" alt=\"\" title=\"\"><\/p>\n<p>72 binden fazla takip\u00e7isi bulunan Instagram hesab\u0131nda kendisini \u201c93 ya\u015f\u0131ndaki Joy Nine ABD&#8217;deki 63 Milli Park\u0131n tamam\u0131n\u0131 ziyaret eden en ya\u015fl\u0131 insan olarak tarih yazd\u0131. \u015eimdiki dura\u011f\u0131 Kenya\u201d diye tan\u0131tan kad\u0131n, Kenya&#8217;dan ba\u015flayarak d\u00fcnyay\u0131 gezme plan\u0131n\u0131 da ilan etti. Gezisi s\u0131ras\u0131nda do\u011faya a\u015f\u0131k oldu\u011funu ifade eden Joy, son milli park ziyaretini pazartesi g\u00fcn\u00fc tamamlayarak ABD&#8217;de g\u00fcndem oldu.<\/p>\n<p><strong>YILLARCA ASGAR\u0130 \u00dcCRETLE \u00c7ALI\u015eTI<\/strong><\/p>\n<p>Ohio\u2019da y\u0131llarca k\u00fc\u00e7\u00fck bir markette asgari \u00fccretle \u00e7al\u0131\u015fan, 3 o\u011flundan 2\u2019sini k\u00fc\u00e7\u00fck ya\u015fta kaybeden Joy, hayat\u0131 boyunca basit bir ya\u015fam s\u00fcrm\u00fc\u015f, ta ki gezme tutkusu ona harekete ge\u00e7irene kadar. O d\u00f6nem bir arkada\u015f\u0131 intihar eden torununa \u00fclkeyi gezme teklifinde bulunan Joy, 85 ya\u015f\u0131nda olmas\u0131na ra\u011fmen hi\u00e7 geri ad\u0131m atmam\u0131\u015f.<\/p>\n<p>20 y\u0131l \u00f6nce \u00f6len e\u015fi hayattayken t\u00fcm seyahat planlar\u0131n\u0131 onun yapt\u0131\u011f\u0131n\u0131 anlayan 93 ya\u015f\u0131ndaki kad\u0131n, \u201cG\u00f6l kenar\u0131na giderdik ama \u00f6mr\u00fcnde hi\u00e7 da\u011f bile g\u00f6rmemi\u015ftim\u201d diye konu\u015ftu.<\/p>\n<div><img decoding=\"async\" src=\"https:\/\/i01.sozcucdn.com\/wp-content\/uploads\/2023\/05\/19\/joy2.jpg\" alt=\"\" title=\"\"><\/p>\n<p>Joy, 20 y\u0131l \u00f6nce \u00f6len e\u015fi hayattayken t\u00fcm tatil planlar\u0131n\u0131 ona b\u0131rakt\u0131\u011f\u0131n\u0131 ve hi\u00e7 deniz kenar\u0131na gitmediklerini s\u00f6yledi.<\/p>\n<\/div>\n<p><strong>\u2018O HEP B\u0130R S\u00dcPER STARDI\u2019<\/strong><\/p>\n<p>Veteriner olan torun Brad, b\u00fcy\u00fckannesiyle birlikte gezmenin kendisi i\u00e7in b\u00fcy\u00fck gurur ve ayr\u0131cal\u0131k oldu\u011funu s\u00f6yleyerek \u201cOna \u015fof\u00f6r\u00fc olarak e\u015flik etmek harikayd\u0131\u201d dedi. B\u00fcy\u00fckannesinden \u201cO her zaman bir s\u00fcper stard\u0131\u201d diye bahseden Brad, onun ilerleyen ya\u015f\u0131na, parasal s\u0131n\u0131rlara ve hatta pandemiye ra\u011fmen pes etmeyerek turu tamamlad\u0131klar\u0131n\u0131 ve art\u0131k hedefi b\u00fcy\u00fcterek d\u00fcnya turuna haz\u0131rland\u0131klar\u0131n\u0131 belirtti.<\/p>\n<p><img decoding=\"async\" src=\"https:\/\/i01.sozcucdn.com\/wp-content\/uploads\/2023\/05\/19\/joy0.jpg\" alt=\"\" title=\"\"><\/p>\n<p><strong>O\u011eLUNUN \u00d6L\u00dcM\u00dcNE RA\u011eMEN VAZGE\u00c7MED\u0130<\/strong><\/p>\n<p>Brad, Joy&#8217;un en b\u00fcy\u00fck o\u011flu olan babas\u0131n\u0131 ge\u00e7en hafta kaybetmelerine ra\u011fmen son Milli Park ziyaretini iptal etmediklerini kaydederek \u201c\u00c7ok duygusal bir g\u00fcnd\u00fc\u201d diye konu\u015ftu. Torunuyla Good Morning America program\u0131na kat\u0131lan Joy da, amac\u0131n\u0131n \u201cya\u015f\u0131n\u0131z ka\u00e7 olursa olsun hayallerinizi ger\u00e7ekle\u015ftirmek i\u00e7in asla ya\u015fl\u0131 de\u011filsiniz\u201d mesaj\u0131 vermek oldu\u011funu vurgulad\u0131.<\/p>\n<p><strong>G\u00d6Z\u00dcN\u00dc 7 KITAYA D\u0130KT\u0130<\/strong><\/p>\n<p>8 y\u0131lda ya\u011fmur ormanlar\u0131, da\u011flar ve denizlerle dolu bir\u00e7ok macera ya\u015fad\u0131klar\u0131n\u0131, rafting yap\u0131p y\u0131ld\u0131zlar\u0131n alt\u0131nda uyuduklar\u0131n\u0131 anlatan Joy, \u201c\u015eimdi g\u00f6z\u00fcm d\u00fcnyada. Umar\u0131m 7 k\u0131taya da ula\u015faca\u011f\u0131m. Temmuzda Kenya&#8217;yla ba\u015fl\u0131yoruz\u201d ifadelerini kulland\u0131.<\/p>\n<p>Brad de, \u201cJoy Nine&#8217;yi uzayda ya da Ay&#8217;da y\u00fcr\u00fcrken g\u00f6r\u00fcrsem \u015fa\u015f\u0131rmam\u201d dedi.<\/p>\n","protected":false},"excerpt":{"rendered":"<p>Ohio&#8217;da y\u0131llarca k\u00fc\u00e7\u00fck bir markette asgari \u00fccretle \u00e7al\u0131\u015fan ve ne deniz ne de da\u011f g\u00f6ren Joy nine, 8 y\u0131lda ABD\u2019deki t\u00fcm milli parklar\u0131 torunuyla gezerek hayat\u0131 ya\u015faman\u0131n ya\u015f\u0131 olmad\u0131\u011f\u0131n\u0131 kan\u0131tlad\u0131. 93 ya\u015f\u0131ndaki kad\u0131n\u0131n yeni hedefi d\u00fcnya turu.<\/p>\n","protected":false},"author":1,"featured_media":92758,"comment_status":"closed","ping_status":"open","sticky":false,"template":"","format":"standard","meta":{"footnotes":""},"categories":[33],"tags":[12026,12025,599,1068,2476],"class_list":["post-92757","post","type-post","status-publish","format-standard","has-post-thumbnail","hentry","category-yasam","tag-brad","tag-joy","tag-milli","tag-torun","tag-yasinda"],"_links":{"self":[{"href":"https:\/\/haberulus.net\/index.php?rest_route=\/wp\/v2\/posts\/92757","targetHints":{"allow":["GET"]}}],"collection":[{"href":"https:\/\/haberulus.net\/index.php?rest_route=\/wp\/v2\/posts"}],"about":[{"href":"https:\/\/haberulus.net\/index.php?rest_route=\/wp\/v2\/types\/post"}],"author":[{"embeddable":true,"href":"https:\/\/haberulus.net\/index.php?rest_route=\/wp\/v2\/users\/1"}],"replies":[{"embeddable":true,"href":"https:\/\/haberulus.net\/index.php?rest_route=%2Fwp%2Fv2%2Fcomments&post=92757"}],"version-history":[{"count":1,"href":"https:\/\/haberulus.net\/index.php?rest_route=\/wp\/v2\/posts\/92757\/revisions"}],"predecessor-version":[{"id":92759,"href":"https:\/\/haberulus.net\/index.php?rest_route=\/wp\/v2\/posts\/92757\/revisions\/92759"}],"wp:featuredmedia":[{"embeddable":true,"href":"https:\/\/haberulus.net\/index.php?rest_route=\/wp\/v2\/media\/92758"}],"wp:attachment":[{"href":"https:\/\/haberulus.net\/index.php?rest_route=%2Fwp%2Fv2%2Fmedia&parent=92757"}],"wp:term":[{"taxonomy":"category","embeddable":true,"href":"https:\/\/haberulus.net\/index.php?rest_route=%2Fwp%2Fv2%2Fcategories&post=92757"},{"taxonomy":"post_tag","embeddable":true,"href":"https:\/\/haberulus.net\/index.php?rest_route=%2Fwp%2Fv2%2Ftags&post=92757"}],"curies":[{"name":"wp","href":"https:\/\/api.w.org\/{rel}","templated":true}]}}