{"id":92796,"date":"2023-05-19T09:21:02","date_gmt":"2023-05-19T09:21:02","guid":{"rendered":"https:\/\/haberulus.net\/?p=92796"},"modified":"2023-05-19T09:21:02","modified_gmt":"2023-05-19T09:21:02","slug":"bakan-soyludan-secim-gecesiyle-ilgili-cok-konusulacak-cikis-istihbaratlarimiz-var-talimat-verildi","status":"publish","type":"post","link":"https:\/\/haberulus.net\/?p=92796","title":{"rendered":"Bakan Soylu&#8217;dan se\u00e7im gecesiyle ilgili \u00e7ok konu\u015fulacak \u00e7\u0131k\u0131\u015f: \u0130stihbaratlar\u0131m\u0131z var, talimat verildi"},"content":{"rendered":"<p>TGRT Haber&#8217;de g\u00fcndemdeki konulara ili\u015fkin de\u011ferlendirmelerde bulunan \u0130\u00e7i\u015fleri Bakan\u0131 S\u00fcleyman Soylu, se\u00e7imlerin ger\u00e7ekle\u015fti\u011fi 14 May\u0131s gecesine ili\u015fkin \u00e7arp\u0131c\u0131 ifadeler kulland\u0131. <\/p>\n<p><b>&#8220;ORTALI\u011eIN KARI\u015eTIRILMASI \u0130\u00c7\u0130N TAL\u0130MAT VER\u0130LD\u0130&#8221;<\/b><\/p>\n<p>O geceye ili\u015fkin ellerinde istihbarat raporlar\u0131 oldu\u011funu belirten Bakan Soylu, &#8220;Lavrion&#8217;dan talimat verildi. B\u00f6yle bir hadisede devreye girilmesi ve ter\u00f6r \u00f6rg\u00fctlerinin T\u00fcrkiye&#8217;de bu karma\u015f\u0131kl\u0131\u011f\u0131 sa\u011flayabilmesi i\u00e7in ortaya d\u00f6k\u00fclmesi hususunda talimat var. O gece ortal\u0131\u011f\u0131n kar\u0131\u015ft\u0131r\u0131lmas\u0131n\u0131n temin edilmesi i\u00e7in talimat verildi. Ana muhalefet partisinin o g\u00fcn ve ondan \u00f6nceki b\u00fct\u00fcn de\u011ferlendirmeleri &#8216;O gece h\u0131rs\u0131zl\u0131k yap\u0131lacak, ona g\u00f6re de AK Parti ve Cumhurba\u015fkan\u0131 kazan\u0131rsa kar\u0131\u015ft\u0131r\u0131lacak&#8217; \u015feklindeki b\u00fct\u00fcn dayanaklar\u0131n alt zemini olu\u015fturulmaya \u00e7al\u0131\u015f\u0131ld\u0131&#8221; \u015feklinde konu\u015ftu. <\/p>\n<p><strong>Bakan Soylu&#8217;nun a\u00e7\u0131klamalar\u0131ndan sat\u0131r ba\u015flar\u0131: <\/strong> <\/p>\n<p>&#8220;Se\u00e7im sonucunda Milet \u0130ttifak\u0131&#8217;n\u0131n parlamenter sisteme geri d\u00f6nme anlay\u0131\u015f\u0131na millet geri d\u00f6nmek istemedi\u011fini s\u00f6yledi. Millet dedi ki &#8216;Siz 15 Temmuz&#8217;un faillerini tekrar devlete getireceksiniz, ben bunu kabul etmiyorum.&#8217; <\/p>\n<p><b>&#8220;M\u0130LL\u0130YET\u00c7\u0130, SA\u011eCI B\u0130R OCAK KURMA TE\u015eK\u0130LATINA G\u0130R\u0130\u015eM\u0130\u015eLER&#8221;<\/b><\/p>\n<p>Ben HDP ile i\u015f birli\u011fini tehlikeli olarak g\u00f6r\u00fcyorum. HDP-PKK band\u0131nda, ayn\u0131 zamanda Kuzey Irak ve Kuzey Suriye&#8217;de Mehmet\u00e7ik&#8217;imizi geri \u00e7ekip o b\u00f6lgeyi g\u00fcvenli b\u00f6lgeden kald\u0131r\u0131p o b\u00f6lgeyi ter\u00f6r devleti haline getirme anlay\u0131\u015f\u0131n\u0131, FET\u00d6&#8217;n\u00fcn tekrar devlete gelme anlay\u0131\u015f\u0131n\u0131, bunlar\u0131n tamam\u0131n\u0131 milletimiz reddetti. Elbette y\u00fczde 44-45 bunu kabul etmi\u015f olabilir. Se\u00e7imlere giderken CHP, PKK ile, Kandil ile yak\u0131nla\u015fmas\u0131n\u0131n faturas\u0131n\u0131 g\u00f6rd\u00fc. K\u0131l\u0131\u00e7daro\u011flu yeni bir ocak te\u015fkilat\u0131 kuracak, ba\u015f\u0131na da Kaftanc\u0131o\u011flu&#8217;nu getirecek. Milliyet\u00e7i, sa\u011fc\u0131 bir ocak kurma te\u015fkilat\u0131na giri\u015fmi\u015fler. Bunlar\u0131n hepsi ac\u0131nas\u0131d\u0131r.<\/p>\n<p><b>&#8220;SE\u00c7\u0130M GECES\u0130 T\u00dcRK\u0130YE&#8217;Y\u0130 YANILTTILAR&#8221;<\/b><\/p>\n<p>CHP ve onun bile\u015fenleri \u00e7ok net \u015fekilde bu t\u00fcrbe ziyaretlerinden vazge\u00e7ti. Se\u00e7imin ortas\u0131nda daha ziyade Kandil siyasetinin arg\u00fcman\u0131n\u0131 ortaya koydu ve bundan \u00e7ekinmedi. Murat Karay\u0131lan ne s\u00f6yl\u00fcyorsa K\u0131l\u0131\u00e7daro\u011flu ayn\u0131s\u0131n\u0131 s\u00f6yledi. Belediye ba\u015fkanlar\u0131  <strong>se\u00e7im<\/strong> gecesi \u00e7\u0131k\u0131p &#8216;Biz kazand\u0131k&#8217; diyerek T\u00fcrkiye&#8217;yi yan\u0131ltt\u0131lar. \u0130lk gelen veriler hep k\u0131rsaldan geliyor, bu y\u0131llardan beri b\u00f6yle. K\u0131rsal kesimde de AK Parti \u00f6ndedir, \u015fehir merkezleri gelince birbirine yak\u0131nla\u015fmaya ba\u015flar. \u00d6z\u00fcr dilemesi laz\u0131m. Ben \u0130\u00e7i\u015fleri Bakan\u0131&#8217;y\u0131m, o g\u00fcn a\u00e7\u0131klama yapt\u0131\u011f\u0131m\u0131 g\u00f6rd\u00fcn\u00fcz m\u00fc? Se\u00e7imin g\u00fcvenli\u011fiyle birebir ilgili biriyim.<\/p>\n<p><b>&#8220;\u0130MAMO\u011eLU VE YAVA\u015e \u00d6Z\u00dcR D\u0130LEMEL\u0130&#8221;<\/b><\/p>\n<p>CHP ve bile\u015fenleri se\u00e7ime \u015faibe koymak istiyor. 2 belediye ba\u015fkan\u0131 \u00e7\u0131k\u0131p \u00f6z\u00fcr dilemeli. Ekran y\u00fcz\u00fc kim? T\u00fcrkiye&#8217;yi bu konuda tahrik etmeye \u00e7al\u0131\u015fan kim? Ekrem \u0130mamo\u011flu ve Mansur Yava\u015f. 2. turda milletimizin Say\u0131n Cumhurba\u015fkan\u0131m\u0131z\u0131 se\u00e7ece\u011fine inan\u0131yorum. Fark\u0131n a\u00e7\u0131labilece\u011fine inan\u0131yorum.<\/p><\/p>\n","protected":false},"excerpt":{"rendered":"<p>\u0130\u00e7i\u015fleri Bakan\u0131 S\u00fcleyman Soylu, konuk oldu\u011fu programda se\u00e7imlerin ger\u00e7ekle\u015fti\u011fi 14 May\u0131s gecesine ili\u015fkin \u00e7ok \u00e7arp\u0131c\u0131 bir de\u011ferlendirmede bulundu. &#8220;\u0130stihbaratlar\u0131m\u0131z var&#8221; diyen Soylu, &#8220;O gece ortal\u0131\u011f\u0131n kar\u0131\u015ft\u0131r\u0131lmas\u0131n\u0131n temin edilmesi i\u00e7in talimat verildi&#8221; ifadelerini kulland\u0131.<\/p>\n","protected":false},"author":1,"featured_media":92797,"comment_status":"closed","ping_status":"open","sticky":false,"template":"","format":"standard","meta":{"footnotes":""},"categories":[28],"tags":[1867,320],"class_list":["post-92796","post","type-post","status-publish","format-standard","has-post-thumbnail","hentry","category-politika","tag-gece","tag-secim"],"_links":{"self":[{"href":"https:\/\/haberulus.net\/index.php?rest_route=\/wp\/v2\/posts\/92796","targetHints":{"allow":["GET"]}}],"collection":[{"href":"https:\/\/haberulus.net\/index.php?rest_route=\/wp\/v2\/posts"}],"about":[{"href":"https:\/\/haberulus.net\/index.php?rest_route=\/wp\/v2\/types\/post"}],"author":[{"embeddable":true,"href":"https:\/\/haberulus.net\/index.php?rest_route=\/wp\/v2\/users\/1"}],"replies":[{"embeddable":true,"href":"https:\/\/haberulus.net\/index.php?rest_route=%2Fwp%2Fv2%2Fcomments&post=92796"}],"version-history":[{"count":1,"href":"https:\/\/haberulus.net\/index.php?rest_route=\/wp\/v2\/posts\/92796\/revisions"}],"predecessor-version":[{"id":92798,"href":"https:\/\/haberulus.net\/index.php?rest_route=\/wp\/v2\/posts\/92796\/revisions\/92798"}],"wp:featuredmedia":[{"embeddable":true,"href":"https:\/\/haberulus.net\/index.php?rest_route=\/wp\/v2\/media\/92797"}],"wp:attachment":[{"href":"https:\/\/haberulus.net\/index.php?rest_route=%2Fwp%2Fv2%2Fmedia&parent=92796"}],"wp:term":[{"taxonomy":"category","embeddable":true,"href":"https:\/\/haberulus.net\/index.php?rest_route=%2Fwp%2Fv2%2Fcategories&post=92796"},{"taxonomy":"post_tag","embeddable":true,"href":"https:\/\/haberulus.net\/index.php?rest_route=%2Fwp%2Fv2%2Ftags&post=92796"}],"curies":[{"name":"wp","href":"https:\/\/api.w.org\/{rel}","templated":true}]}}