{"id":92823,"date":"2023-05-19T09:49:03","date_gmt":"2023-05-19T09:49:03","guid":{"rendered":"https:\/\/haberulus.net\/?p=92823"},"modified":"2023-05-19T09:49:03","modified_gmt":"2023-05-19T09:49:03","slug":"ikinci-turda-secimin-kaderini-katilim-oraninin-en-dusuk-oldugu-25-il-belirleyecek","status":"publish","type":"post","link":"https:\/\/haberulus.net\/?p=92823","title":{"rendered":"\u0130kinci turda se\u00e7imin kaderini kat\u0131l\u0131m oran\u0131n\u0131n en d\u00fc\u015f\u00fck oldu\u011fu 25 il belirleyecek"},"content":{"rendered":"<p>Resmi olmayan sonu\u00e7lara g\u00f6re; 14 May\u0131s cumhurba\u015fkanl\u0131\u011f\u0131 se\u00e7imlerinde Cumhur \u0130ttifak\u0131&#8217;n\u0131n aday\u0131 Recep Tayyip Erdo\u011fan 27 milyon 133 bin 837, Millet \u0130ttifak\u0131&#8217;n\u0131n aday\u0131 Kemal K\u0131l\u0131\u00e7daro\u011flu, 24 milyon 594 bin 932, ATA \u0130ttifak\u0131&#8217;n\u0131n aday\u0131 Sinan O\u011fan 2 milyon 831 bin 208 oy ald\u0131.<\/p>\n<p><b>SANDI\u011eA G\u0130TMEYENLER BEL\u0130RLEY\u0130C\u0130 OLACAK<\/b><\/p>\n<p>O\u011fan ilk turda elenirken, y\u00fczde 50+1&#8217;i bulamayan Erdo\u011fan ve K\u0131l\u0131\u00e7daro\u011flu ikinci tura kald\u0131. O\u011fan&#8217;\u0131n oylar\u0131n\u0131n yan\u0131 s\u0131ra oy kullanmayan se\u00e7men say\u0131s\u0131 ve ge\u00e7ersiz oylar da 28 May\u0131s&#8217;ta ger\u00e7ekle\u015ftirilen ikinci tur i\u00e7in belirleyici olacak. Yurti\u00e7inde 6 milyon 780 bin 851 ki\u015fi sand\u0131\u011fa gitmedi. Yurtd\u0131\u015f\u0131 se\u00e7menleriyle birlikte bu say\u0131 8.3 milyonu a\u015f\u0131yor. Yurti\u00e7inde kat\u0131l\u0131m oran\u0131 y\u00fczde 88.84&#8217;\u00fc bulurken, yurtd\u0131\u015f\u0131nda kat\u0131l\u0131m oran\u0131 y\u00fczde 53.85 seviyesinde kald\u0131.<\/p>\n<p><b>\u0130STANBUL, \u0130ZM\u0130R VE ANKARA&#8217;DA DURUM <\/b><\/p>\n<p>S\u00f6zc\u00fc&#8217;de yer alan habere g\u00f6re; \u00dc\u00e7 b\u00fcy\u00fck\u015fehirde kat\u0131l\u0131m oran\u0131 s\u0131ras\u0131yla \u015fu \u015fekilde ger\u00e7ekle\u015fti. \u0130stanbul y\u00fczde 89.30, Ankara y\u00fczde 89.94 ve \u0130zmir 88.92. \u0130stanbul&#8217;da 1 milyon 76 bin 301, Ankara&#8217;da 375 bin 823, \u0130zmir&#8217;de ise 335 bin 446 ki\u015fi oy kullanmad\u0131. \u00dc\u00e7 b\u00fcy\u00fck \u015fehirde toplam 1 milyon 787 bin 570 ki\u015fi sand\u0131\u011fa gitmedi. <\/p>\n<p><strong>T\u00fcrkiye&#8217;de se\u00e7ime kat\u0131l\u0131m oran\u0131n\u0131n en d\u00fc\u015f\u00fck oldu\u011fu 25 il; <\/strong> A\u011fr\u0131 72.86, Van 78.62, Mu\u015f 78.68, Bing\u00f6l 78.69, I\u011fd\u0131r 79.06, Kars 79.56, Diyarbak\u0131r 81.7, Malatya 81.7, \u015eanl\u0131urfa 81.83, Bitlis 81.86, Ad\u0131yaman 81.98, Mardin 82.76, Ardahan 82.78, G\u00fcm\u00fc\u015fhane 82.88, Hatay 83.17, Siirt 83.37, Hakkari 83.57, \u015e\u0131rnak 84.6, Batman 84.93 Kahramanmara\u015f 85.41, Gaziantep 85.69 Elaz\u0131\u011f 85.8, Erzurum 86.27, Yozgat 86.63, Aksaray 86.88.<\/p>\n<p><strong>Kat\u0131l\u0131m oran\u0131n\u0131n en y\u00fcksek oldu\u011fu 10 il;<\/strong> Bolu 91.43, Kocaeli 91.54, Sakarya 91.57, \u00c7anakkale 91.65, Denizli 91.66, K\u00fctahya 91.95, Bilecik 91.98, Manisa 91.99, Amasya 92.14, D\u00fczce 92.26.<\/p><\/p>\n","protected":false},"excerpt":{"rendered":"<p>28 May\u0131s&#8217;ta yap\u0131lacak Cumhurba\u015fkanl\u0131\u011f\u0131 se\u00e7iminin ikinci turu i\u00e7in geri say\u0131m devam ederken ittifaklarda da ince hesaplar yap\u0131lmaya ba\u015fland\u0131. \u0130lk turda sand\u0131\u011fa gitmeyenlerin ve ge\u00e7ersiz oylar\u0131n toplam\u0131 10 milyona yakla\u015f\u0131yor. \u0130ki aday aras\u0131ndaki fark\u0131n da 2 milyon 538 bin oy oldu\u011fu g\u00f6z \u00f6n\u00fcne al\u0131n\u0131nca 9 g\u00fcn sonra yap\u0131lacak se\u00e7imin kaderini sand\u0131\u011fa gitmeyenlerin ve oylar\u0131 ge\u00e7ersiz say\u0131lanlar\u0131n belirleyece\u011fi s\u00f6ylenebilir.<\/p>\n","protected":false},"author":1,"featured_media":92824,"comment_status":"closed","ping_status":"open","sticky":false,"template":"","format":"standard","meta":{"footnotes":""},"categories":[28],"tags":[12030,95],"class_list":["post-92823","post","type-post","status-publish","format-standard","has-post-thumbnail","hentry","category-politika","tag-katilim-orani","tag-milyon"],"_links":{"self":[{"href":"https:\/\/haberulus.net\/index.php?rest_route=\/wp\/v2\/posts\/92823","targetHints":{"allow":["GET"]}}],"collection":[{"href":"https:\/\/haberulus.net\/index.php?rest_route=\/wp\/v2\/posts"}],"about":[{"href":"https:\/\/haberulus.net\/index.php?rest_route=\/wp\/v2\/types\/post"}],"author":[{"embeddable":true,"href":"https:\/\/haberulus.net\/index.php?rest_route=\/wp\/v2\/users\/1"}],"replies":[{"embeddable":true,"href":"https:\/\/haberulus.net\/index.php?rest_route=%2Fwp%2Fv2%2Fcomments&post=92823"}],"version-history":[{"count":1,"href":"https:\/\/haberulus.net\/index.php?rest_route=\/wp\/v2\/posts\/92823\/revisions"}],"predecessor-version":[{"id":92825,"href":"https:\/\/haberulus.net\/index.php?rest_route=\/wp\/v2\/posts\/92823\/revisions\/92825"}],"wp:featuredmedia":[{"embeddable":true,"href":"https:\/\/haberulus.net\/index.php?rest_route=\/wp\/v2\/media\/92824"}],"wp:attachment":[{"href":"https:\/\/haberulus.net\/index.php?rest_route=%2Fwp%2Fv2%2Fmedia&parent=92823"}],"wp:term":[{"taxonomy":"category","embeddable":true,"href":"https:\/\/haberulus.net\/index.php?rest_route=%2Fwp%2Fv2%2Fcategories&post=92823"},{"taxonomy":"post_tag","embeddable":true,"href":"https:\/\/haberulus.net\/index.php?rest_route=%2Fwp%2Fv2%2Ftags&post=92823"}],"curies":[{"name":"wp","href":"https:\/\/api.w.org\/{rel}","templated":true}]}}