{"id":92853,"date":"2023-05-19T11:05:04","date_gmt":"2023-05-19T11:05:04","guid":{"rendered":"https:\/\/haberulus.net\/?p=92853"},"modified":"2023-05-19T11:05:04","modified_gmt":"2023-05-19T11:05:04","slug":"imamoglu-19-mayis-toreninde-gordugu-manzaraya-cok-kizdi-ayiptir-yaziktir","status":"publish","type":"post","link":"https:\/\/haberulus.net\/?p=92853","title":{"rendered":"\u0130mamo\u011flu, 19 May\u0131s t\u00f6reninde g\u00f6rd\u00fc\u011f\u00fc manzaraya \u00e7ok k\u0131zd\u0131: Ay\u0131pt\u0131r, yaz\u0131kt\u0131r"},"content":{"rendered":"<p>\u0130stanbul B\u00fcy\u00fck\u015fehir Belediye Ba\u015fkan\u0131 ve Millet \u0130ttifak\u0131 cumhurba\u015fkan\u0131 yard\u0131mc\u0131s\u0131 aday\u0131 Ekrem \u0130mamo\u011flu, 19 May\u0131s Atat\u00fcrk&#8217;\u00fc Anma, Gen\u00e7lik ve  <strong>Spor<\/strong> Bayram\u0131&#8217;n\u0131n 104&#8217;\u00fcnc\u00fc y\u0131l kutlamalar\u0131 kapsam\u0131nda Taksim Cumhuriyet An\u0131t\u0131&#8217;nda d\u00fczenlenen resmi t\u00f6rene o\u011flu Semih \u0130mamo\u011flu ile birlikte kat\u0131ld\u0131.<\/p>\n<p><b>\u0130MAMO\u011eLU&#8217;NDAN T\u00d6REN TEPK\u0130S\u0130<\/b><\/p>\n<p>T\u00f6renin ard\u0131ndan a\u00e7\u0131klamalarda bulunan \u0130BB Ba\u015fkan\u0131 \u0130mamo\u011flu, milli bayramlar i\u00e7in yap\u0131lan t\u00f6renlerin s\u0131radanla\u015ft\u0131r\u0131ld\u0131\u011f\u0131n\u0131 ve devletin \u00fczerine d\u00fc\u015feni yapmad\u0131\u011f\u0131n\u0131 belirtti.<\/p>\n<p><strong>\u0130mamo\u011flu&#8217;nun a\u00e7\u0131klamalar\u0131ndan sat\u0131rba\u015flar\u0131 \u015fu \u015fekilde; <\/strong> <\/p>\n<p>&#8220;Milli bayramlar\u0131m\u0131z, bizi bir araya getiren, milli duygular\u0131m\u0131z\u0131 en \u00fcst seviyeye ta\u015f\u0131yan en \u00f6zel anlar. 29 Ekim Cumhuriyet Bayram\u0131m\u0131z, 23 Nisan Ulusal Egemenlik ve \u00c7ocuk Bayram\u0131m\u0131z, 19 May\u0131s Atat\u00fcrk&#8217;\u00fc Anma Gen\u00e7lik ve Spor Bayram\u0131m\u0131z, 30 A\u011fustos Zafer Bayram\u0131m\u0131z\u2026<\/p>\n<p><b>&#8220;BU ANLARIN MANEV\u0130YATI Y\u00dcKSEK&#8221;<\/b><\/p>\n<p>Bu anlar\u0131n bizim i\u00e7in maneviyat\u0131, kutsall\u0131\u011f\u0131 \u00e7ok y\u00fcksek. Ge\u00e7mi\u015fte bu \u00fclkeye hizmet etmi\u015f insanlar\u0131m\u0131z\u0131 anmak, \u015fehitlerimizi, gazilerimizi anmak i\u00e7in b\u00fcy\u00fck f\u0131rsat. Ama ayn\u0131 zamanda \u00fclkemizin kurulu\u015f m\u00fccadelesinin, kurtulu\u015f m\u00fccadelesinin nas\u0131l verildi\u011fi noktas\u0131nda bug\u00fcn\u00fc ayd\u0131nlatmak ve gelece\u011fe de bu anlamda \u00e7a\u011fa yak\u0131\u015f\u0131r bir \u015fekilde \u0131\u015f\u0131k tutma g\u00fcnleri. 19 May\u0131s Atat\u00fcrk&#8217;\u00fc Anma Gen\u00e7lik ve Spor Bayram\u0131 veya Ulusal Egemenlik ve \u00c7ocuk Bayram\u0131, asl\u0131nda \u00e7ocuklara, gen\u00e7lere d\u00fcnyada emanet edilmi\u015f ve onlara hediye edilmi\u015f bayram noktas\u0131nda da olmayan iki \u00f6rnek.<\/p>\n<p><b>&#8220;GEN\u00c7LERLE BULUNMANIN ONURUNU YA\u015eIYORUM&#8221;<\/b><\/p>\n<p>Bug\u00fcn 19 May\u0131s. Yani asl\u0131nda 38 ya\u015f\u0131nda \u00fclkenin kurtulu\u015fu i\u00e7in Samsun&#8217;a ayak basan Mustafa Kemal Atat\u00fcrk ve silah arkada\u015flar\u0131yla millet\u00e7e bir uyan\u0131\u015f\u0131n sonras\u0131nda da b\u00fcy\u00fck bir zafere ve ard\u0131ndan da o tarihte hen\u00fcz d\u00fcnyada cumhuriyetin, demokrasinin daha ad\u0131n\u0131n an\u0131lmad\u0131\u011f\u0131 g\u00fcnlerde nadide \u00f6rneklerinden birisi olarak bu \u00fclkeye Cumhuriyeti emanet etmi\u015f, hediye etmi\u015f bir s\u00fcrecin ba\u015flang\u0131c\u0131.<\/p>\n<p>Ve bunu yapan insan, 38 ya\u015f\u0131nda, gencecik bir insan. Dolay\u0131s\u0131yla gen\u00e7lere emanet edilmesi kadar \u00e7ok \u00f6zel bir davran\u0131\u015f herhalde \u00e7ok az bulunur. Bu anlamda burada gen\u00e7lerle, \u00f6\u011frencilerle, sporcularla bulunman\u0131n onurunu ya\u015f\u0131yorum.<\/p>\n<p><b>BAS\u0130T B\u0130R T\u00d6REN D\u00dcZENLEMES\u0130NE TEPK\u0130 G\u00d6STERD\u0130<\/b><\/p>\n<p>&#8220;\u00dclkemizde 2011-2012&#8217;den itibaren, milli bayramlar\u0131n d\u00fczeni noktas\u0131nda, ne yaz\u0131k ki hani a\u015fa\u011f\u0131ya \u00e7ekme, s\u0131radanla\u015ft\u0131rma konusunda bir s\u00fcre\u00e7 i\u015fletiliyor. Defalarca s\u00f6yledim bu meydanda, yine s\u00f6ylemeye devam edece\u011fim. Bayramlar\u0131n niteli\u011fi, bayramlar\u0131n g\u00fczelli\u011fi, co\u015fkusu payla\u015ft\u0131k\u00e7a g\u00fczelle\u015fi rve artar. Ve b\u00f6ylesi bayramlar hissedilir, hissedilmek zorunda. Gelece\u011fe dair \u00fcmitlerimizi, umutlar\u0131m\u0131z\u0131 b\u00fcy\u00fctme konusunda ve gen\u00e7lerimizi motive etme konusunda bunlar \u00f6nemli f\u0131rsatlar. Tabii ki bir\u00e7ok kurum, kurulu\u015fumuz, belediyelerimiz bunu de\u011ferlendirerek, insanlar\u0131m\u0131z\u0131 daha co\u015fkulu bir araya getirmek, anlaml\u0131 bir \u015fekilde t\u00f6renleri yapma konusunda gayret i\u00e7indeler. Ama devletimizin resmi t\u00f6renlerinin ak\u0131\u015f\u0131 konusunda\u2026 Ben hi\u00e7bir kurumu, hi\u00e7bir makam\u0131 k\u00fc\u00e7\u00fcmsemiyorum asla. Elinden geleni yapan kurum y\u00f6neticileri var.<\/p>\n<p>\u0130\u015fte \u0130stanbul Gen\u00e7lik ve Spor \u0130l M\u00fcd\u00fcrl\u00fc\u011f\u00fc, bu bayram\u0131n hamisi. Olmaz. Yani \u0130stanbul&#8217;da, \u0130stanbul Gen\u00e7lik Spor \u0130l M\u00fcd\u00fcrl\u00fc\u011f\u00fc bu i\u015fin hamisi. Ya da Ankara merkezde, Gen\u00e7lik ve Spor Bakanl\u0131\u011f\u0131 bu i\u015fin hamisi olmaz. Olamaz. Yani bir \u00fclke tepeden t\u0131rna\u011fa bu bayram\u0131 hissetmiyor ve bunun anlam\u0131n\u0131 ya\u015fam\u0131yorsa, burada b\u00fcy\u00fck bir eksiklik vard\u0131r.<\/p>\n<p><b>FET\u00d6 VURGUSU<\/b><\/p>\n<p>Bak\u0131n, o d\u00f6nemde bu i\u015fin FET\u00d6&#8217;c\u00fc anlay\u0131\u015fla devlete dayat\u0131ld\u0131\u011f\u0131 konusunda net tespitler var. Ama sonras\u0131nda bu i\u015fi d\u00fczeltmek yerine, bayramlar\u0131n anlaml\u0131 bir bi\u00e7imde ya\u015fat\u0131lmas\u0131 konusunda insanlar\u0131m\u0131z\u0131n daha \u00fcst seviyede, devletin en tepesinden, hepimiz de i\u00e7inde kol kola, omuz omuza olma duygusunu yaratma ad\u0131na, stat\u00fckocu bir kafayla, stat\u00fckocu bir anlay\u0131\u015fla bayramlar\u0131 k\u0131s\u0131rla\u015ft\u0131rmak, sadele\u015ftirmek, hatta neredeyse &#8216;\u00d6ylesine i\u015fte bir \u00e7elenk t\u00f6reni yapal\u0131m, Spor il m\u00fcd\u00fcr\u00fc \u00e7elenk koysun, gidelim sonra bir yerde girelim bir salona, 3-4 okul g\u00f6steri yaps\u0131n ve kalkal\u0131m.&#8217; Bu de\u011fil.<\/p>\n<p>Milli bayramlar, Diyarbak\u0131r&#8217;da da gen\u00e7leri bir araya getirecek, Trabzon&#8217;da da bir araya getirecek. Adana&#8217;da da bir araya getirecek. Eski\u015fehir&#8217;de, Ayd\u0131n&#8217;da, Edirne&#8217;de herkes bunu hissedecek. Ama hissederken ge\u00e7mi\u015fi ya\u015fayacak, hissedecek.<\/p>\n<p>Atat\u00fcrk&#8217;\u00fc, silah arkada\u015flar\u0131n\u0131, hepimizin dedesini, ninesini, o kad\u0131nlar\u0131n m\u00fccadelesini hat\u0131rlayacak. Nas\u0131l kurtulu\u015f oldu\u011funu hat\u0131rlayacak. 21. y\u00fczy\u0131lda gere\u011fini yapacak. Gen\u00e7ler &#8216;Bilimde, teknolojide, e\u011fitimde, sanatta, sporda, en seviyede kabiliyetlerini nas\u0131l ortaya koyar\u0131m&#8217; diye moral motivasyon bulacak.<\/p>\n<p><b>&#8220;PESPAYE D\u00dcZEN&#8221;<\/b><\/p>\n<p>Ama biz, bayramlar\u0131 s\u0131radanla\u015ft\u0131r\u0131yoruz. S\u0131ras\u0131 geldi\u011finde duygular\u0131 en \u00fcst seviyede ta\u015f\u0131yan birtak\u0131m hamleleri yaparken, hamasi c\u00fcmlelerle s\u00fcreci tan\u0131mlarken, en b\u00fcy\u00fck varl\u0131\u011f\u0131m\u0131z\u2026Bak\u0131n bu milletin \u00e7ok \u00f6nemli iki dini bayram\u0131 vard\u0131r.<\/p>\n<p>\u00c7ok \u00f6nemli d\u00f6rt milli bayram\u0131 vard\u0131r. Ve milletin neredeyse y\u00fczde 90&#8217;\u0131n\u0131, 99&#8217;unu kapsar. B\u00f6ylesi kapsay\u0131c\u0131 t\u00f6renlerin, bu \u015fekilde hala d\u00fczeltilmeden devam etmesini kas\u0131tl\u0131 buluyorum, anlams\u0131z buluyorum. Bu, pespaye bir d\u00fczendir. Bunun d\u00fczeltilmesi \u015fartt\u0131r.<\/p>\n<p><b>&#8220;KORSAN T\u00d6REN D\u00dcZENL\u0130YORUZ&#8221;<\/b><\/p>\n<p>\u015eu anda devletin Spor \u0130l M\u00fcd\u00fcrl\u00fc\u011f\u00fc&#8217;n\u00fcn \u00e7elenk t\u00f6reni sonras\u0131nda, bizim koydu\u011fumuz \u00e7elenklerin korsan oldu\u011funu biliyor musunuz? Korsan \u00e7elenk t\u00f6reni yap\u0131yoruz. Yani devletin hi\u00e7bir g\u00f6rev talimat\u0131nda yok. Sunucumuz, burada korsan duyuru yap\u0131yor B\u00fcy\u00fck\u015fehir Belediyesi olmam\u0131zdan dolay\u0131. Daha \u00f6nce bu da yoktu.<\/p>\n<p>Ondan sonra kurumlar, kendili\u011finden getiriyor \u00e7elenklerini ama siyasi partiler ama sivil toplum kurulu\u015flar\u0131; korsan t\u00f6ren yap\u0131yoruz. Biz bu t\u00f6reni yaparken 3-4 sene h\u0131rpaland\u0131k. \u00c7elenklerimiz koyulmad\u0131. Sonra bakt\u0131lar ki bunlar direniyor, vazge\u00e7miyor, \u015fimdi korsan yapmam\u0131za d\u00f6n\u00fck bir hamle yap\u0131lm\u0131yor. Sadece izleniliyor.<\/p>\n<p>Devletimizin baz\u0131 kurum g\u00f6revleri de g\u00f6rd\u00fc\u011f\u00fcn\u00fcz gibi t\u00f6renden sonra \u00e7ekilip gidiyorlar, biz kal\u0131p devam ediyoruz. Ay\u0131pt\u0131r. Yaz\u0131kt\u0131r. Lafa gelince ba\u015fka t\u00fcrl\u00fc, uygulamaya gelince ba\u015fka t\u00fcrl\u00fc davran\u0131\u015f\u0131 bu millet teraziye koyar ve tartar. Ama biz tarts\u0131n da istemiyoruz. Bu d\u00fczelsin istiyoruz. Ben doya doya gen\u00e7lerle, evlatlar\u0131m\u0131zla, \u00c7ocuk Bayram\u0131&#8217;n\u0131, milli bayramlar\u0131n bu \u015fehirde, bu \u00fclkede ya\u015famaya devam edilmesini istiyorum. \u0130stanbul&#8217;da bunu yap\u0131yoruz. Ama bu i\u015f bir anlay\u0131\u015f\u0131n, bir siyasi kavram\u0131n i\u015fi olmamal\u0131. Devletin i\u015fi olmal\u0131.&#8221;<\/p>\n","protected":false},"excerpt":{"rendered":"<p>\u0130BB Ba\u015fkan\u0131 Ekrem \u0130mamo\u011flu, 19 May\u0131s t\u00f6reninin ard\u0131ndan yapt\u0131\u011f\u0131 a\u00e7\u0131klamada, &#8220;\u0130stanbul&#8217;da Gen\u00e7lik ve Spor \u0130l M\u00fcd\u00fcrl\u00fc\u011f\u00fc bu bayram\u0131n hamisi. Olmaz. Olamaz. Bir \u00fclke tepeden t\u0131rna\u011fa bu bayram\u0131 hissetmiyor ve bunun anlam\u0131n\u0131 ya\u015fam\u0131yorsa, burada b\u00fcy\u00fck bir eksiklik vard\u0131r. Ay\u0131pt\u0131r, yaz\u0131kt\u0131r&#8221; dedi.<\/p>\n","protected":false},"author":1,"featured_media":92854,"comment_status":"closed","ping_status":"open","sticky":false,"template":"","format":"standard","meta":{"footnotes":""},"categories":[28],"tags":[1374,12032,3441,3824,1088],"class_list":["post-92853","post","type-post","status-publish","format-standard","has-post-thumbnail","hentry","category-politika","tag-bayrami","tag-celenk","tag-gencler","tag-konusunda","tag-toren"],"_links":{"self":[{"href":"https:\/\/haberulus.net\/index.php?rest_route=\/wp\/v2\/posts\/92853","targetHints":{"allow":["GET"]}}],"collection":[{"href":"https:\/\/haberulus.net\/index.php?rest_route=\/wp\/v2\/posts"}],"about":[{"href":"https:\/\/haberulus.net\/index.php?rest_route=\/wp\/v2\/types\/post"}],"author":[{"embeddable":true,"href":"https:\/\/haberulus.net\/index.php?rest_route=\/wp\/v2\/users\/1"}],"replies":[{"embeddable":true,"href":"https:\/\/haberulus.net\/index.php?rest_route=%2Fwp%2Fv2%2Fcomments&post=92853"}],"version-history":[{"count":1,"href":"https:\/\/haberulus.net\/index.php?rest_route=\/wp\/v2\/posts\/92853\/revisions"}],"predecessor-version":[{"id":92855,"href":"https:\/\/haberulus.net\/index.php?rest_route=\/wp\/v2\/posts\/92853\/revisions\/92855"}],"wp:featuredmedia":[{"embeddable":true,"href":"https:\/\/haberulus.net\/index.php?rest_route=\/wp\/v2\/media\/92854"}],"wp:attachment":[{"href":"https:\/\/haberulus.net\/index.php?rest_route=%2Fwp%2Fv2%2Fmedia&parent=92853"}],"wp:term":[{"taxonomy":"category","embeddable":true,"href":"https:\/\/haberulus.net\/index.php?rest_route=%2Fwp%2Fv2%2Fcategories&post=92853"},{"taxonomy":"post_tag","embeddable":true,"href":"https:\/\/haberulus.net\/index.php?rest_route=%2Fwp%2Fv2%2Ftags&post=92853"}],"curies":[{"name":"wp","href":"https:\/\/api.w.org\/{rel}","templated":true}]}}