{"id":92917,"date":"2023-05-19T12:27:03","date_gmt":"2023-05-19T12:27:03","guid":{"rendered":"https:\/\/haberulus.net\/?p=92917"},"modified":"2023-05-19T12:27:03","modified_gmt":"2023-05-19T12:27:03","slug":"iyi-parti-ilce-baskanligina-tasli-saldiri-camlari-kirip-bayraklari-parcaladilar","status":"publish","type":"post","link":"https:\/\/haberulus.net\/?p=92917","title":{"rendered":"\u0130Y\u0130 Parti il\u00e7e ba\u015fkanl\u0131\u011f\u0131na ta\u015fl\u0131 sald\u0131r\u0131: Camlar\u0131 k\u0131r\u0131p bayraklar\u0131 par\u00e7alad\u0131lar"},"content":{"rendered":"<p>Dada\u015fkent\u2019te bulunan, \u0130Y\u0130 Parti Aziziye \u0130l\u00e7e Ba\u015fkanl\u0131\u011f\u0131 binas\u0131na gece ge\u00e7 saatlerde sald\u0131r\u0131 yap\u0131ld\u0131.<\/p>\n<p>Kimli\u011fi belirsiz ki\u015fi ya da ki\u015filerce yap\u0131lan sald\u0131r\u0131da, parti binas\u0131n\u0131n ta\u015flarla camlar\u0131 k\u0131r\u0131ld\u0131, parti bayraklar\u0131 par\u00e7aland\u0131, T\u00fcrk bayraklar\u0131 yerlere d\u00fc\u015ft\u00fc.<\/p>\n<p><img decoding=\"async\" src=\"https:\/\/i01.sozcucdn.com\/wp-content\/uploads\/2023\/05\/19\/6f5cd27a-eed6-43fb-9a0f-b2dde778f739-e1684496823105.jpeg\" alt=\"\" title=\"\"><\/p>\n<p><strong>MOBESE VE G\u00dcVENL\u0130K KAMERALARI \u0130NCELEMEYE ALINDI<\/strong><\/p>\n<p>Sabah il\u00e7e binas\u0131na gelen partililer, g\u00f6rd\u00fckleri manzara sonras\u0131nda polise haber verdiler.<\/p>\n<p>Olay yerine gelen polis, sald\u0131rganlar\u0131n yakalanmas\u0131 i\u00e7in soru\u015fturma ba\u015flatt\u0131.<\/p>\n<p>B\u00f6lgedeki MOBESE kameralar\u0131 ve g\u00fcvenlik kameralar\u0131 incelemeye al\u0131nd\u0131. \u0130l\u00e7e Ba\u015fkan\u0131 Osman Temur, \u201cBu tarz \u00e7irkin provokasyonlara f\u0131rsat vermeyece\u011fiz. Emniyetimiz sald\u0131rganlar\u0131n yakalanmas\u0131 i\u00e7in geni\u015f \u00e7apl\u0131 soru\u015fturma ba\u015flatt\u0131\u201d dedi.<\/p>\n<p><img decoding=\"async\" src=\"https:\/\/i01.sozcucdn.com\/wp-content\/uploads\/2023\/05\/19\/6a9f0d88-b6ce-44cf-aa03-90b3ba8e6396.jpeg\" alt=\"\" title=\"\"><\/p>\n<p>Erzurum\u2019da iki hafta \u00f6nce de \u0130BB Ba\u015fkan\u0131 Ekrem \u0130mamo\u011flu\u2019nun halkla bulu\u015fmas\u0131 s\u0131ras\u0131nda ta\u015fl\u0131 sald\u0131r\u0131 d\u00fczenlenmi\u015f, yaralananlar olmu\u015ftu\u2026<\/p>\n<p>\u00a0<\/p>\n","protected":false},"excerpt":{"rendered":"<p>\u0130Y\u0130 Parti Erzurum Aziziye \u0130l\u00e7e Ba\u015fkanl\u0131\u011f\u0131&#8217;na kimli\u011fi belirsiz ki\u015fi ya da ki\u015filerce sald\u0131r\u0131da bulunuldu.<\/p>\n","protected":false},"author":1,"featured_media":92918,"comment_status":"closed","ping_status":"open","sticky":false,"template":"","format":"standard","meta":{"footnotes":""},"categories":[26],"tags":[],"class_list":["post-92917","post","type-post","status-publish","format-standard","has-post-thumbnail","hentry","category-gundem"],"_links":{"self":[{"href":"https:\/\/haberulus.net\/index.php?rest_route=\/wp\/v2\/posts\/92917","targetHints":{"allow":["GET"]}}],"collection":[{"href":"https:\/\/haberulus.net\/index.php?rest_route=\/wp\/v2\/posts"}],"about":[{"href":"https:\/\/haberulus.net\/index.php?rest_route=\/wp\/v2\/types\/post"}],"author":[{"embeddable":true,"href":"https:\/\/haberulus.net\/index.php?rest_route=\/wp\/v2\/users\/1"}],"replies":[{"embeddable":true,"href":"https:\/\/haberulus.net\/index.php?rest_route=%2Fwp%2Fv2%2Fcomments&post=92917"}],"version-history":[{"count":1,"href":"https:\/\/haberulus.net\/index.php?rest_route=\/wp\/v2\/posts\/92917\/revisions"}],"predecessor-version":[{"id":92919,"href":"https:\/\/haberulus.net\/index.php?rest_route=\/wp\/v2\/posts\/92917\/revisions\/92919"}],"wp:featuredmedia":[{"embeddable":true,"href":"https:\/\/haberulus.net\/index.php?rest_route=\/wp\/v2\/media\/92918"}],"wp:attachment":[{"href":"https:\/\/haberulus.net\/index.php?rest_route=%2Fwp%2Fv2%2Fmedia&parent=92917"}],"wp:term":[{"taxonomy":"category","embeddable":true,"href":"https:\/\/haberulus.net\/index.php?rest_route=%2Fwp%2Fv2%2Fcategories&post=92917"},{"taxonomy":"post_tag","embeddable":true,"href":"https:\/\/haberulus.net\/index.php?rest_route=%2Fwp%2Fv2%2Ftags&post=92917"}],"curies":[{"name":"wp","href":"https:\/\/api.w.org\/{rel}","templated":true}]}}