{"id":92923,"date":"2023-05-19T12:27:05","date_gmt":"2023-05-19T12:27:05","guid":{"rendered":"https:\/\/haberulus.net\/?p=92923"},"modified":"2023-05-19T12:27:05","modified_gmt":"2023-05-19T12:27:05","slug":"disislerinden-yunanistana-tepki","status":"publish","type":"post","link":"https:\/\/haberulus.net\/?p=92923","title":{"rendered":"D\u0131\u015fi\u015fleri\u2019nden Yunanistan\u2019a tepki"},"content":{"rendered":"<p>D\u0131\u015fi\u015fleri Bakanl\u0131\u011f\u0131ndan, Yunanistan&#8217;da as\u0131ls\u0131z iddialar kapsam\u0131nda bug\u00fcn d\u00fczenlenen etkinlikler ve iddialara ili\u015fkin yap\u0131lan yaz\u0131l\u0131 a\u00e7\u0131klamada, 19 May\u0131s 1919\u2019un T\u00fcrkiye Cumhuriyeti&#8217;nin kurucusu, Ulu \u00d6nder Gazi Mustafa Kemal Atat\u00fcrk&#8217;\u00fcn \u00f6nderli\u011finde bir milletin hayatta kalma m\u00fccadelesini ba\u015flatt\u0131\u011f\u0131 kutlu bir tarih oldu\u011fu vurguland\u0131.<\/p>\n<p>A\u00e7\u0131klamada, bu e\u015fsiz kurtulu\u015f m\u00fccadelesinin d\u00f6nemin emperyalist g\u00fc\u00e7lerinden ald\u0131\u011f\u0131 destekle Anadolu\u2019yu i\u015fgale yeltenen Yunanistan&#8217;\u0131n asla unutmamas\u0131 gereken bir ders olarak tarihteki yerini ald\u0131\u011f\u0131n\u0131n alt\u0131 \u00e7izildi.<\/p>\n<p>A\u00e7\u0131klamada, \u201c\u0130stiklal Sava\u015f\u0131\u2019m\u0131z\u0131n ba\u015flang\u0131c\u0131n\u0131 temsil eden bu \u00f6zel g\u00fcn\u00fcn, baz\u0131 radikal gruplar\u0131n tarihimize y\u00f6nelik mesnetsiz \u2018Pontus\u2019 iddialar\u0131, T\u00fcrk d\u00fc\u015fmanl\u0131\u011f\u0131n\u0131 k\u00f6r\u00fckleyen etkinlikleri ve Yunanistan&#8217;daki baz\u0131 siyaset\u00e7ilerin tarihi ger\u00e7ekleri \u00e7arp\u0131tan a\u00e7\u0131klamalar\u0131 yoluyla hedef al\u0131nmas\u0131n\u0131 beyhude bir \u00e7aba olarak g\u00f6r\u00fcyoruz\u201d ifadesi kullan\u0131ld\u0131.<\/p>\n<p>Ger\u00e7ek d\u0131\u015f\u0131 iddia ve a\u00e7\u0131klamalarla T\u00fcrkiye\u2019yi hedef alanlara i\u015fgalci Yunan ordusunun Anadolu&#8217;daki kanl\u0131 istilas\u0131 s\u0131ras\u0131nda, sava\u015f hukukunu ihlal ederek yapt\u0131\u011f\u0131 mezalimden Yunanistan&#8217;\u0131n sorumlulu\u011funun ve tazminat \u00f6demeye mahkum edildi\u011finin Lozan Antla\u015fmas\u0131&#8217;yla kay\u0131t alt\u0131na al\u0131nd\u0131\u011f\u0131 hat\u0131rlat\u0131lan a\u00e7\u0131klamada \u015funlar kaydedildi:<\/p>\n<p>\u201cHile, \u00e7arp\u0131tma, uydurma, yalan ve ger\u00e7e\u011fin ters y\u00fcz edilmesi gibi ara\u00e7lar\u0131 bug\u00fcn de kullanmaya devam eden siyasileri, T\u00fcrk d\u00fc\u015fmanl\u0131\u011f\u0131 kaynakl\u0131 histeriden kurtularak kendi karanl\u0131k tarihleriyle y\u00fczle\u015fmeye davet ediyoruz. Yunanistan&#8217;daki t\u00fcm \u00e7evrelere bug\u00fcn de provokatif s\u00f6ylem ve eylemlerini devam ettirmek yerine, bar\u0131\u015f ve i\u015fbirli\u011fi ortam\u0131n\u0131 m\u00fcmk\u00fcn k\u0131lacak bir vizyon benimsemesini tavsiye ediyoruz.\u201d<\/p>\n","protected":false},"excerpt":{"rendered":"<p>D\u0131\u015fi\u015fleri Bakanl\u0131\u011f\u0131, Yunanistan&#8217;daki baz\u0131 radikal gruplar\u0131n &#8216;Pontus&#8217; iddialar\u0131na ili\u015fkin, &#8220;\u0130stiklal Sava\u015f\u0131m\u0131z\u0131n ba\u015flang\u0131c\u0131n\u0131 temsil eden bu \u00f6zel g\u00fcn\u00fcn, baz\u0131 radikal gruplar\u0131n tarihimize y\u00f6nelik mesnetsiz &#8216;Pontus&#8217; iddialar\u0131, T\u00fcrk d\u00fc\u015fmanl\u0131\u011f\u0131n\u0131 k\u00f6r\u00fckleyen etkinlikleri ve Yunanistan\u2019daki baz\u0131 siyaset\u00e7ilerin tarihi ger\u00e7ekleri \u00e7arp\u0131tan a\u00e7\u0131klamalar\u0131 yoluyla hedef al\u0131nmas\u0131n\u0131 beyhude bir \u00e7aba olarak g\u00f6r\u00fcyoruz&#8221; de\u011ferlendirmesinde bulundu.\u00a0<\/p>\n","protected":false},"author":1,"featured_media":92924,"comment_status":"closed","ping_status":"open","sticky":false,"template":"","format":"standard","meta":{"footnotes":""},"categories":[26],"tags":[113,594],"class_list":["post-92923","post","type-post","status-publish","format-standard","has-post-thumbnail","hentry","category-gundem","tag-tarih","tag-yunan"],"_links":{"self":[{"href":"https:\/\/haberulus.net\/index.php?rest_route=\/wp\/v2\/posts\/92923","targetHints":{"allow":["GET"]}}],"collection":[{"href":"https:\/\/haberulus.net\/index.php?rest_route=\/wp\/v2\/posts"}],"about":[{"href":"https:\/\/haberulus.net\/index.php?rest_route=\/wp\/v2\/types\/post"}],"author":[{"embeddable":true,"href":"https:\/\/haberulus.net\/index.php?rest_route=\/wp\/v2\/users\/1"}],"replies":[{"embeddable":true,"href":"https:\/\/haberulus.net\/index.php?rest_route=%2Fwp%2Fv2%2Fcomments&post=92923"}],"version-history":[{"count":1,"href":"https:\/\/haberulus.net\/index.php?rest_route=\/wp\/v2\/posts\/92923\/revisions"}],"predecessor-version":[{"id":92925,"href":"https:\/\/haberulus.net\/index.php?rest_route=\/wp\/v2\/posts\/92923\/revisions\/92925"}],"wp:featuredmedia":[{"embeddable":true,"href":"https:\/\/haberulus.net\/index.php?rest_route=\/wp\/v2\/media\/92924"}],"wp:attachment":[{"href":"https:\/\/haberulus.net\/index.php?rest_route=%2Fwp%2Fv2%2Fmedia&parent=92923"}],"wp:term":[{"taxonomy":"category","embeddable":true,"href":"https:\/\/haberulus.net\/index.php?rest_route=%2Fwp%2Fv2%2Fcategories&post=92923"},{"taxonomy":"post_tag","embeddable":true,"href":"https:\/\/haberulus.net\/index.php?rest_route=%2Fwp%2Fv2%2Ftags&post=92923"}],"curies":[{"name":"wp","href":"https:\/\/api.w.org\/{rel}","templated":true}]}}