{"id":92989,"date":"2023-05-19T14:05:03","date_gmt":"2023-05-19T14:05:03","guid":{"rendered":"https:\/\/haberulus.net\/?p=92989"},"modified":"2023-05-19T14:05:03","modified_gmt":"2023-05-19T14:05:03","slug":"erdogan-cnn-internationala-konustu-sayin-bidenla-da-calisirim","status":"publish","type":"post","link":"https:\/\/haberulus.net\/?p=92989","title":{"rendered":"Erdo\u011fan, CNN International\u2019a konu\u015ftu: Say\u0131n Biden\u2019la da \u00e7al\u0131\u015f\u0131r\u0131m"},"content":{"rendered":"<p>CNN International\u2019da Becky Anderson\u2019\u0131n sorular\u0131n\u0131 yan\u0131tlayan Cumhurba\u015fkan\u0131 Erdo\u011fan, se\u00e7im s\u00fcrecinden d\u0131\u015f politikaya de\u011ferlendirmelerde bulundu.<\/p>\n<p>Erdo\u011fan, \u201cGe\u00e7en 20 y\u0131lda girdi\u011finiz her se\u00e7imi rahatl\u0131kla kazand\u0131n\u0131z, se\u00e7imlerde rekorlar k\u0131rd\u0131n\u0131z. T\u00fcrkiye\u2019nin tarihinde ilk kez bir se\u00e7im ikinci tura kald\u0131. \u015eu an kendinizi ne kadar rahat hissediyorsunuz?\u201d sorusu \u00fczerine, \u201c\u00d6n\u00fcm\u00fczdeki pazar yap\u0131lacak se\u00e7imlerde de ben inan\u0131yorum ki halk\u0131m g\u00fc\u00e7l\u00fc T\u00fcrk demokrasisini g\u00f6sterecek ki y\u00fczde 90\u2019a varan g\u00fc\u00e7l\u00fc se\u00e7men kat\u0131l\u0131m\u0131 oldu. Bu \u00e7ok \u00f6nemli bir kat\u0131l\u0131m. D\u00fcnyada pek benzeri yok. Bu se\u00e7imlerden de temennim odur ki in\u015fallah milletim bizi yan\u0131ltmayacak\u201d ifadelerini kulland\u0131.<\/p>\n<p>\u201cABD Ba\u015fkan\u0131 Joe Biden\u2019\u0131n se\u00e7im kampanyas\u0131nda kendisine otokrat dedi\u011fi i\u00e7in onu k\u0131nad\u0131\u011f\u0131n\u0131n\u201d hat\u0131rlat\u0131lmas\u0131 \u00fczerine Cumhurba\u015fkan\u0131 Erdo\u011fan, \u201cBirinci tur de\u011fil, ikinci tura \u00e7\u0131kan bir insandan diktat\u00f6r olur mu? \u015eimdi ger\u00e7ek de bu. Cumhur \u0130ttifak\u0131 322 milletvekiliyle parlamentoya girecek ve bunun ba\u015f\u0131ndaki insan da ikinci tura birinci olarak \u00e7\u0131kacak. Bu nas\u0131l bir diktat\u00f6rl\u00fck?\u201d dedi.<\/p>\n<p>Cumhurba\u015fkan\u0131 Erdo\u011fan, \u201cYeniden se\u00e7ilirseniz Biden y\u00f6netimiyle \u00e7al\u0131\u015f\u0131r m\u0131s\u0131n\u0131z?\u201d sorusuna ise \u201cOnda hi\u00e7 \u015f\u00fcphe yok. Say\u0131n Biden\u2019la da \u00e7al\u0131\u015f\u0131r\u0131m. E\u011fer Biden de\u011fi\u015firse onun yerine gelecek olan kim olursa olsun onunla da \u00e7al\u0131\u015f\u0131r\u0131m\u201d yorumunu yapt\u0131.<\/p>\n<p><strong>\u201cBATI DENGEL\u0130 B\u0130R YAKLA\u015eIM SERG\u0130LEMED\u0130\u201d<\/strong><\/p>\n<p>Bat\u0131\u2019n\u0131n Ukrayna ihtilaf\u0131 konusunda Rusya\u2019ya kar\u015f\u0131 tavr\u0131na kat\u0131lmad\u0131\u011f\u0131 ve bu konuda \u201cBat\u0131\u2019n\u0131n daha \u00e7ok provokasyona dayal\u0131 bir politika izledi\u011fi\u201d y\u00f6n\u00fcndeki s\u00f6zleri hat\u0131rlat\u0131larak, \u201cUkrayna\u2019ya b\u00fcy\u00fck kapsaml\u0131 askeri ve finansal yard\u0131m\u0131n g\u00f6nderilmesi bir provokasyon anlam\u0131na m\u0131 gelir? Bat\u0131 burada yanl\u0131\u015f m\u0131 yap\u0131yor?\u201d sorusu \u00fczerine Cumhurba\u015fkan\u0131 Erdo\u011fan, \u015f\u00f6yle devam etti:<\/p>\n<p>\u201c\u015eu anda Bat\u0131 bu noktada dengeli bir yakla\u015f\u0131m sergilememi\u015ftir. Yani Rusya gibi bir \u00fclkeye dengeli bir yakla\u015f\u0131m \u00e7ok daha isabetli olabilirdi. Yani ben Say\u0131n Putin\u2019le bu m\u00fcnasebetlerimi nas\u0131l geli\u015ftiriyorsam veya yap\u0131yorsam ayn\u0131 durumu Bat\u0131 da yapmal\u0131yd\u0131. \u00c7\u00fcnk\u00fc d\u00fcnyada birbirimize ihtiyac\u0131m\u0131z var. Yani ben Bat\u0131\u2019n\u0131n her \u00fclkesiyle nas\u0131l g\u00f6r\u00fc\u015f\u00fcyorsam, bu noktada Say\u0131n Putin\u2019le de o \u015fekilde g\u00f6r\u00fc\u015f\u00fcyorum. Ayn\u0131 \u015fekilde mesela \u015fu Karadeniz Tah\u0131l Koridoru\u2019nda biz sadece Bat\u0131\u2019n\u0131n de\u011fil Afrika \u00fclkelerinin de ihtiyac\u0131n\u0131 kar\u015f\u0131lar duruma geldik. Bak\u0131n \u015fu anda tah\u0131l s\u00fcrecini 18 May\u0131s\u2019tan itibaren iki ay daha uzatt\u0131k. Nas\u0131l oldu bu i\u015f? Say\u0131n Putin\u2019le olan bu \u00f6zel m\u00fcnasebetlerimiz sayesinde oldu.\u201d<\/p>\n<p>(AA)<\/p>\n","protected":false},"excerpt":{"rendered":"<p>Cumhurba\u015fkan\u0131 Recep Tayyip Erdo\u011fan, CNN International&#8217;a verdi\u011fi m\u00fclakatta 28 May\u0131s&#8217;taki Cumhurba\u015fkan\u0131 Se\u00e7imi&#8217;nin ikinci turuna ili\u015fkin, &#8220;Bu se\u00e7imlerden de temennim odur ki in\u015fallah milletim bizi yan\u0131ltmayacak&#8221; dedi. Erdo\u011fan, &#8220;Yeniden se\u00e7ilirseniz Biden y\u00f6netimiyle \u00e7al\u0131\u015f\u0131r m\u0131s\u0131n\u0131z?&#8221; sorusuna ise &#8220;Onda hi\u00e7 \u015f\u00fcphe yok. Say\u0131n Biden&#8217;la da \u00e7al\u0131\u015f\u0131r\u0131m. E\u011fer Biden de\u011fi\u015firse onun yerine gelecek olan kim olursa olsun onunla da \u00e7al\u0131\u015f\u0131r\u0131m&#8221; yorumunu yapt\u0131.<\/p>\n","protected":false},"author":1,"featured_media":92990,"comment_status":"closed","ping_status":"open","sticky":false,"template":"","format":"standard","meta":{"footnotes":""},"categories":[26],"tags":[2568,1122,259,320],"class_list":["post-92989","post","type-post","status-publish","format-standard","has-post-thumbnail","hentry","category-gundem","tag-bati","tag-cumhur","tag-erdogan","tag-secim"],"_links":{"self":[{"href":"https:\/\/haberulus.net\/index.php?rest_route=\/wp\/v2\/posts\/92989","targetHints":{"allow":["GET"]}}],"collection":[{"href":"https:\/\/haberulus.net\/index.php?rest_route=\/wp\/v2\/posts"}],"about":[{"href":"https:\/\/haberulus.net\/index.php?rest_route=\/wp\/v2\/types\/post"}],"author":[{"embeddable":true,"href":"https:\/\/haberulus.net\/index.php?rest_route=\/wp\/v2\/users\/1"}],"replies":[{"embeddable":true,"href":"https:\/\/haberulus.net\/index.php?rest_route=%2Fwp%2Fv2%2Fcomments&post=92989"}],"version-history":[{"count":1,"href":"https:\/\/haberulus.net\/index.php?rest_route=\/wp\/v2\/posts\/92989\/revisions"}],"predecessor-version":[{"id":92991,"href":"https:\/\/haberulus.net\/index.php?rest_route=\/wp\/v2\/posts\/92989\/revisions\/92991"}],"wp:featuredmedia":[{"embeddable":true,"href":"https:\/\/haberulus.net\/index.php?rest_route=\/wp\/v2\/media\/92990"}],"wp:attachment":[{"href":"https:\/\/haberulus.net\/index.php?rest_route=%2Fwp%2Fv2%2Fmedia&parent=92989"}],"wp:term":[{"taxonomy":"category","embeddable":true,"href":"https:\/\/haberulus.net\/index.php?rest_route=%2Fwp%2Fv2%2Fcategories&post=92989"},{"taxonomy":"post_tag","embeddable":true,"href":"https:\/\/haberulus.net\/index.php?rest_route=%2Fwp%2Fv2%2Ftags&post=92989"}],"curies":[{"name":"wp","href":"https:\/\/api.w.org\/{rel}","templated":true}]}}