{"id":93032,"date":"2023-06-04T11:51:05","date_gmt":"2023-06-04T11:51:05","guid":{"rendered":"https:\/\/haberulus.net\/?p=93032"},"modified":"2023-06-04T11:51:05","modified_gmt":"2023-06-04T11:51:05","slug":"ataol-behramoglunun-soylesisi-engellendi","status":"publish","type":"post","link":"https:\/\/haberulus.net\/?p=93032","title":{"rendered":"Ataol Behramo\u011flu\u2019nun s\u00f6yle\u015fisi engellendi"},"content":{"rendered":"<p>K\u0131rm\u0131z\u0131 B\u00fclten Genel Yay\u0131n Y\u00f6netmeni Mustafa Y\u00fczer 31 May\u0131s\u2019ta Twitter hesab\u0131ndan \u201cBitlis E\u011fitim ve Tan\u0131tma Derne\u011fi\u2019nin (BETAV) d\u00fczenleyece\u011fi 2. Kitap Fuar\u0131\u2019na Cumhurba\u015fkan\u0131 Erdo\u011fan\u2019a \u00e7ete reisi, darbeci diyen Ataol Behramo\u011flu ve halk\u0131 kin ve d\u00fc\u015fmanl\u0131\u011fa alenen tahrik etme su\u00e7undan yarg\u0131lanan Metin Uca\u2019y\u0131 getirecekmi\u015f. BETAV \u0130stanbul \u015eubesi bu hamleyle neyi ama\u00e7l\u0131yor acaba?\u201d payla\u015f\u0131m\u0131n\u0131 yapm\u0131\u015ft\u0131.<\/p>\n<p><strong>\u201cENGELLEND\u0130K. TEBR\u0130KLER\u201d<\/strong><\/p>\n<p>Ataol Behramo\u011flu, s\u00f6yle\u015finin iptal edi\u011fini duyurdu. Behramo\u011flu, Y\u00fczer\u2019in o g\u00fcnk\u00fc payla\u015f\u0131m\u0131na \u015fu yan\u0131t\u0131 verdi: \u201cKazand\u0131n\u0131z Mustafa Bey. Engellendik. Tebrikler. Sizin torunlar\u0131n\u0131zdan torunlar\u0131n\u0131z\u0131n en az\u0131ndan biri benim bir \u015fiirimi sevgilisine okuyacak fakat ona dedenizin dedesinin ad\u0131n\u0131 biliyor musun diye sorulacak olsa cevab\u0131 \u2018dalga m\u0131 ge\u00e7iyorsun?\u2019 olacakt\u0131r.\u201d<\/p>\n<p><img decoding=\"async\" src=\"https:\/\/i01.sozcucdn.com\/wp-content\/uploads\/2023\/06\/04\/twitter.jpeg\" alt=\"\" title=\"\"><\/p>\n","protected":false},"excerpt":{"rendered":"<p>\u015eair Ataol Behramo\u011flu, Twitter hesab\u0131ndan Bitlis&#8217;te yap\u0131lacak kitap fuar\u0131ndaki s\u00f6yle\u015fisinin engellendi\u011fini duyurdu.<\/p>\n","protected":false},"author":1,"featured_media":93033,"comment_status":"closed","ping_status":"open","sticky":false,"template":"","format":"standard","meta":{"footnotes":""},"categories":[27],"tags":[],"class_list":["post-93032","post","type-post","status-publish","format-standard","has-post-thumbnail","hentry","category-kultur-sanat"],"_links":{"self":[{"href":"https:\/\/haberulus.net\/index.php?rest_route=\/wp\/v2\/posts\/93032","targetHints":{"allow":["GET"]}}],"collection":[{"href":"https:\/\/haberulus.net\/index.php?rest_route=\/wp\/v2\/posts"}],"about":[{"href":"https:\/\/haberulus.net\/index.php?rest_route=\/wp\/v2\/types\/post"}],"author":[{"embeddable":true,"href":"https:\/\/haberulus.net\/index.php?rest_route=\/wp\/v2\/users\/1"}],"replies":[{"embeddable":true,"href":"https:\/\/haberulus.net\/index.php?rest_route=%2Fwp%2Fv2%2Fcomments&post=93032"}],"version-history":[{"count":1,"href":"https:\/\/haberulus.net\/index.php?rest_route=\/wp\/v2\/posts\/93032\/revisions"}],"predecessor-version":[{"id":93034,"href":"https:\/\/haberulus.net\/index.php?rest_route=\/wp\/v2\/posts\/93032\/revisions\/93034"}],"wp:featuredmedia":[{"embeddable":true,"href":"https:\/\/haberulus.net\/index.php?rest_route=\/wp\/v2\/media\/93033"}],"wp:attachment":[{"href":"https:\/\/haberulus.net\/index.php?rest_route=%2Fwp%2Fv2%2Fmedia&parent=93032"}],"wp:term":[{"taxonomy":"category","embeddable":true,"href":"https:\/\/haberulus.net\/index.php?rest_route=%2Fwp%2Fv2%2Fcategories&post=93032"},{"taxonomy":"post_tag","embeddable":true,"href":"https:\/\/haberulus.net\/index.php?rest_route=%2Fwp%2Fv2%2Ftags&post=93032"}],"curies":[{"name":"wp","href":"https:\/\/api.w.org\/{rel}","templated":true}]}}