{"id":93078,"date":"2023-06-04T13:05:05","date_gmt":"2023-06-04T13:05:05","guid":{"rendered":"https:\/\/haberulus.net\/?p=93078"},"modified":"2023-06-04T13:05:05","modified_gmt":"2023-06-04T13:05:05","slug":"gulten-dayiogluna-onur-odulu","status":"publish","type":"post","link":"https:\/\/haberulus.net\/?p=93078","title":{"rendered":"G\u00fclten Day\u0131o\u011flu\u2019na onur \u00f6d\u00fcl\u00fc"},"content":{"rendered":"<p>3. Kartal Kitap Fuar\u0131\u2019n\u0131n ikinci g\u00fcn\u00fcnde fuar\u0131n onur konu\u011fu olan yazar G\u00fclten Day\u0131o\u011flu okurlar\u0131yla bulu\u015ftu. Day\u0131o\u011flu, yazar Melih Y\u0131ld\u0131z ile bir s\u00f6yle\u015fi ger\u00e7ekle\u015ftirdi.<\/p>\n<p>Day\u0131o\u011flu, \u00e7ocuklu\u011funun Anadoluda \u00e7ok zor \u015fartlar alt\u0131nda ge\u00e7ti\u011fini, ailesiyle mutlu bir \u00e7ocukluk ge\u00e7irmedi\u011fini ifade ederek kaleme ald\u0131\u011f\u0131 Fadi\u015f adl\u0131 kitab\u0131n\u0131n asl\u0131nda kendi ya\u015fam\u0131n\u0131n kitab\u0131 oldu\u011funu payla\u015ft\u0131.<\/p>\n<p>Day\u0131o\u011flu, annesinin ve babas\u0131n\u0131n kendisi \u00e7ocukken ayr\u0131ld\u0131\u011f\u0131n\u0131 ve bunu hayat\u0131 boyunca kabullenemedi\u011fini s\u00f6yleyerek, t\u00fcm eserlerinde \u00e7ocuklu\u011funun o zor d\u00f6nemine dair izler oldu\u011funu ama yazar olmak hayalinden asla vazge\u00e7medi\u011fini kaydetti.<\/p>\n<p><img decoding=\"async\" src=\"https:\/\/i01.sozcucdn.com\/wp-content\/uploads\/2023\/06\/04\/gulten1.1_23137773.jpg\" alt=\"\" title=\"\"><\/p>\n<p><strong>\u201cRE\u015eAT NUR\u0130 G\u00dcNTEK\u0130N\u2019\u0130N HAYATIMA \u00c7OK FAZLA KATKISI OLDU\u201d<\/strong><\/p>\n<p>S\u00f6yle\u015finin devam\u0131nda yazar Re\u015fat Nuri G\u00fcntekin ile erken ya\u015fta tan\u0131\u015ft\u0131\u011f\u0131n\u0131 ve yazar olmas\u0131nda onun \u00e7ok b\u00fcy\u00fck etkisi oldu\u011funu ifade eden Day\u0131o\u011flu, \u201c\u00d6zellikle \u00f6\u011fretmenlerim benim hep yazar olaca\u011f\u0131m\u0131 s\u00f6ylerdi. Re\u015fat Nuri G\u00fcntekin ile tan\u0131\u015ft\u0131ktan sonra e\u011fitim hayat\u0131ma \u00e7ok fazla katk\u0131s\u0131 oldu. Burada, Kartal\u2019da da \u00fcnl\u00fc yazarlar ile etkinlikler d\u00fczenlerdik. Aziz Nesin ile Kartal\u2019da \u00e7ok fazla an\u0131m\u0131z var\u201d diye konu\u015ftu.<\/p>\n<p><img decoding=\"async\" src=\"https:\/\/i01.sozcucdn.com\/wp-content\/uploads\/2023\/06\/04\/gulten4.1_23137768.jpg\" alt=\"\" title=\"\"><\/p>\n<p>S\u00f6yle\u015finin sonunda Kartal Belediye Ba\u015fkan\u0131 G\u00f6khan Y\u00fcksel, G\u00fclten Day\u0131o\u011flu\u2019na \u00f6d\u00fcl\u00fcn\u00fc takdim ederken \u201cBir Cumhuriyet kad\u0131n\u0131, G\u00fclten Day\u0131o\u011flu\u2019nu a\u011f\u0131rlaman\u0131n onuru i\u00e7indeyiz. Ona ne kadar te\u015fekk\u00fcr etsek azd\u0131r. Diliyoruz ki, G\u00fclten Day\u0131o\u011flunun kalemi hi\u00e7 durmas\u0131n\u201d ifadelerini kulland\u0131. (DHA)<\/p>\n","protected":false},"excerpt":{"rendered":"<p>Kartal Belediyesi taraf\u0131ndan d\u00fczenlenen 3. Kartal Kitap Fuar\u0131&#8217;nda yazar G\u00fclten Day\u0131o\u011flu&#8217;na onur \u00f6d\u00fcl\u00fc verildi.<\/p>\n","protected":false},"author":1,"featured_media":93079,"comment_status":"closed","ping_status":"open","sticky":false,"template":"","format":"standard","meta":{"footnotes":""},"categories":[27],"tags":[5557],"class_list":["post-93078","post","type-post","status-publish","format-standard","has-post-thumbnail","hentry","category-kultur-sanat","tag-yazar"],"_links":{"self":[{"href":"https:\/\/haberulus.net\/index.php?rest_route=\/wp\/v2\/posts\/93078","targetHints":{"allow":["GET"]}}],"collection":[{"href":"https:\/\/haberulus.net\/index.php?rest_route=\/wp\/v2\/posts"}],"about":[{"href":"https:\/\/haberulus.net\/index.php?rest_route=\/wp\/v2\/types\/post"}],"author":[{"embeddable":true,"href":"https:\/\/haberulus.net\/index.php?rest_route=\/wp\/v2\/users\/1"}],"replies":[{"embeddable":true,"href":"https:\/\/haberulus.net\/index.php?rest_route=%2Fwp%2Fv2%2Fcomments&post=93078"}],"version-history":[{"count":1,"href":"https:\/\/haberulus.net\/index.php?rest_route=\/wp\/v2\/posts\/93078\/revisions"}],"predecessor-version":[{"id":93080,"href":"https:\/\/haberulus.net\/index.php?rest_route=\/wp\/v2\/posts\/93078\/revisions\/93080"}],"wp:featuredmedia":[{"embeddable":true,"href":"https:\/\/haberulus.net\/index.php?rest_route=\/wp\/v2\/media\/93079"}],"wp:attachment":[{"href":"https:\/\/haberulus.net\/index.php?rest_route=%2Fwp%2Fv2%2Fmedia&parent=93078"}],"wp:term":[{"taxonomy":"category","embeddable":true,"href":"https:\/\/haberulus.net\/index.php?rest_route=%2Fwp%2Fv2%2Fcategories&post=93078"},{"taxonomy":"post_tag","embeddable":true,"href":"https:\/\/haberulus.net\/index.php?rest_route=%2Fwp%2Fv2%2Ftags&post=93078"}],"curies":[{"name":"wp","href":"https:\/\/api.w.org\/{rel}","templated":true}]}}