{"id":93305,"date":"2023-06-05T02:51:03","date_gmt":"2023-06-05T02:51:03","guid":{"rendered":"https:\/\/haberulus.net\/?p=93305"},"modified":"2023-06-05T02:51:03","modified_gmt":"2023-06-05T02:51:03","slug":"durmus-yilmazdan-mehmet-simseke-10-altin-tavsiye","status":"publish","type":"post","link":"https:\/\/haberulus.net\/?p=93305","title":{"rendered":"Durmu\u015f Y\u0131lmaz\u2019dan Mehmet \u015eim\u015fek\u2019e 10 alt\u0131n tavsiye"},"content":{"rendered":"<p>Merkez Bankas\u0131 eski Ba\u015fkan\u0131 Durmu\u015f Y\u0131lmaz, ekonominin y\u00f6netimine gelen Mehmet \u015eim\u015fek&#8217;in ba\u015far\u0131l\u0131 olabilmesi i\u00e7in neler yapmas\u0131 gerekti\u011fini S\u00d6ZC\u00dc&#8217;ye anlatt\u0131. Y\u0131lmaz, \u015eim\u015fek&#8217;in \u00f6ncelikle ayaklar\u0131 yere basan, ger\u00e7ek verilere dayal\u0131, k\u00fclfeti adil payla\u015ft\u0131ran bir program haz\u0131rlamas\u0131 ve bu programa halk\u0131n onay\u0131n\u0131 almas\u0131 gerekti\u011fini s\u00f6yledi.<\/p>\n<p>Program\u0131n performans sonu\u00e7lar\u0131n\u0131 her 3 ayda bir halka a\u00e7\u0131klamas\u0131n\u0131 \u00f6neren Y\u0131lmaz, \u201c3 ay\u0131n sonunda nelerin ba\u015far\u0131ld\u0131\u011f\u0131, nelerin ba\u015far\u0131lamad\u0131\u011f\u0131 gerek\u00e7eleriyle birlikte a\u00e7\u0131klanmal\u0131d\u0131r. Ancak halk\u0131n programa inanmas\u0131 i\u00e7in eldeki verilerin sa\u011flam, ger\u00e7ek\u00e7i olmas\u0131 laz\u0131m. Yanl\u0131\u015f veri \u00fczerinden yazaca\u011f\u0131n\u0131z re\u00e7ete yanl\u0131\u015f olur. Enflasyon i\u015fsizlik, bat\u0131k krediler ba\u015fta olmak \u00fczere kamunun \u00fcretti\u011fi t\u00fcm verilerin yanl\u0131\u015flar\u0131 silinip ger\u00e7ek veriler ilan edilmeli. Yoksa g\u00fcven daha ba\u015ftan kaybolur\u201d dedi.<\/p>\n<p><strong>B\u00dcROKRATLARI DE\u011e\u0130\u015eT\u0130R<\/strong><\/p>\n<p>Y\u0131lmaz, program\u0131n ba\u015far\u0131l\u0131 olmas\u0131n\u0131n ekonomi kurumlar\u0131n\u0131n itibar\u0131n\u0131n geri kazan\u0131lmas\u0131ndan ge\u00e7ti\u011fini de belirtirken, \u015eim\u015fek&#8217;e \u201cProgram\u0131n ba\u015far\u0131l\u0131 olmas\u0131 isteniyorsa Merkez Bankas\u0131, Hazine, BDDK, SPK ve T\u00dc\u0130K gibi inand\u0131r\u0131c\u0131l\u0131\u011f\u0131 zedelenmi\u015f t\u00fcm kurumlar\u0131n y\u00f6netim kadrosu liyakatl\u0131 atamalarla hemen de\u011fi\u015ftirilmeli. Bu kurumlar\u0131n \u015feffaf ve do\u011fru veri \u00fcretti\u011fine herkes inan\u0131r hale gelmeli\u201d tavsiyesinde bulundu. Y\u0131lmaz, se\u00e7im vaatleri ve deprem nedeniyle olu\u015fan a\u011f\u0131r y\u00fck\u00fcn adil payla\u015f\u0131mla kar\u015f\u0131lanmas\u0131n\u0131 \u00f6nerdi. A\u011f\u0131r y\u00fck\u00fcn \u015feffaf a\u00e7\u0131klanmas\u0131n\u0131 isteyen Y\u0131lmaz \u201cOrtaya \u00e7\u0131kan a\u011f\u0131r maliyeti kimin ne kadar payla\u015faca\u011f\u0131 \u00f6nceden s\u00f6ylenmeli. Herkesi adil oldu\u011funa inand\u0131rmal\u0131. Toplum adil oldu\u011funu bilirse size r\u0131za g\u00f6sterir, destek verir. En alt kesimin kemeri daha fazla s\u0131k\u0131lmamal\u0131. Aksine geni\u015fletilip kay\u0131plar giderilmeli\u201d \u00f6nerilerinde bulundu.<\/p>\n<div><img decoding=\"async\" src=\"https:\/\/i01.sozcucdn.com\/wp-content\/uploads\/2023\/06\/05\/7-durmus-2.jpg\" alt=\"\" title=\"\"><\/p>\n<p>Durmu\u015f Y\u0131lmaz<\/p>\n<\/div>\n<p><b>MERKEZ&#8217;E \u0130\u00c7ER\u0130DEN B\u0130R\u0130N\u0130 GET\u0130R<\/b><\/p>\n<p>Y\u0131lmaz, Merkez Bankas\u0131n\u0131n ba\u015f\u0131na ABD&#8217;den Hafize Gaye Erkan&#8217;\u0131n getirilmesinin zaman ve performans kayb\u0131na yol a\u00e7abilece\u011fi uyar\u0131s\u0131nda bulundu. Y\u0131lmaz, \u201cCV \u00e7ok g\u00fc\u00e7l\u00fc olabilir, ancak Hafize Han\u0131m kurala dayal\u0131 sistematik yerlerde \u00e7al\u0131\u015ft\u0131. T\u00fcrkiye gibi kural\u0131 olmayan, s\u00fcrekli kural de\u011fi\u015ftirilen yerler farkl\u0131d\u0131r. Mehmet Bey bence bankan\u0131n i\u00e7erisinden operasyon bilgisi \u00e7ok g\u00fc\u00e7l\u00fc, deneyimli, hemen i\u015fe koyulacak, do\u011fru kadrolar\u0131 kuracak birini ba\u015fkan yapmal\u0131\u201d dedi.<\/p>\n<p><img decoding=\"async\" src=\"https:\/\/i01.sozcucdn.com\/wp-content\/uploads\/2023\/06\/05\/07-pazaracil.jpg\" alt=\"\" title=\"\"><\/p>\n<p><b>Kirayla, so\u011fanla, patatesle olmaz\u2026<\/b><\/p>\n<p>Y\u0131lmaz, program\u0131n ba\u015far\u0131s\u0131 i\u00e7in hukukun \u00fcst\u00fcnl\u00fc\u011f\u00fcn\u00fcn sa\u011flanmas\u0131, piyasaya m\u00fcdahalenin sonland\u0131r\u0131lmas\u0131n\u0131n \u015fart oldu\u011funu s\u00f6yledi. Y\u0131lmaz, \u201cSo\u011fan\u0131n, patatesin, peynirin fiyat\u0131n\u0131 kontrol alt\u0131na alarak, kira art\u0131\u015f\u0131na s\u0131n\u0131rlama koyarak enflasyon d\u00fc\u015fmez. Bunlar sonu\u00e7. Piyasay\u0131 elbette g\u00f6zeteceksin, takip edeceksin, ancak d\u0131\u015far\u0131da Londra&#8217;da piyasalara g\u00fcven vermeye \u00e7al\u0131\u015f\u0131rken i\u00e7eride so\u011fanla, patatesle, kirayla u\u011fra\u015f\u0131rsan kimse re\u00e7eteye inanmaz\u201d dedi.<\/p>\n<p><img decoding=\"async\" src=\"https:\/\/i01.sozcucdn.com\/wp-content\/uploads\/2023\/06\/05\/7-konut.jpg\" alt=\"\" title=\"\"><\/p>\n<p><b><span>\u0130\u015fte 10 tavsiye:<\/span><\/b><\/p>\n<p>1 \u2013 Halk\u0131n g\u00fcvenece\u011fi bir program haz\u0131rla.<\/p>\n<p>2 \u2013 Her 3 ayda bir performans sonu\u00e7lar\u0131n\u0131 kamuoyuna a\u00e7\u0131kla.<\/p>\n<p>3 \u2013 Ekonominin ger\u00e7ek foto\u011fraf\u0131n\u0131 \u00e7ek, halka a\u00e7\u0131kla, destek iste.<\/p>\n<p>4 \u2013 Halk\u0131n \u00f6deyece\u011fi faturay\u0131 en ba\u015ftan ilan et.<\/p>\n<p>5 \u2013 Faturay\u0131 adil da\u011f\u0131t, dar gelirliye dokunma.<\/p>\n<p>6 \u2013 T\u00dc\u0130K gibi itibar\u0131n\u0131 kaybetmi\u015f kurumlar\u0131n b\u00fcrokratlar\u0131n\u0131 de\u011fi\u015ftir.<\/p>\n<p>7 \u2013 Ger\u00e7e\u011fi yans\u0131tmayan, halk\u0131n g\u00fcvenmedi\u011fi t\u00fcm verileri d\u00fczelt.<\/p>\n<p>8 \u2013 Merkez&#8217;in Ba\u015fkan\u0131n\u0131 kurum i\u00e7inden bul.<\/p>\n<p>9 \u2013 Kira, so\u011fan, patates fiyatlar\u0131na m\u00fcdahaleyi b\u0131rak, enflasyona odaklan.<\/p>\n<p>10 \u2013 Yukar\u0131 ve a\u015fa\u011f\u0131 y\u00f6nl\u00fc ileti\u015fimi s\u00fcrekli g\u00fc\u00e7l\u00fc tut.<\/p>\n","protected":false},"excerpt":{"rendered":"<p>Merkez Bankas\u0131 eski Ba\u015fkan\u0131 Durmu\u015f Y\u0131lmaz \u015eim\u015fek\u2019e adil bir program \u00e7a\u011fr\u0131s\u0131nda bulundu. Ekonominin ba\u015f\u0131na ge\u00e7en \u015eim\u015fek\u2019e Y\u0131lmaz\u2019dan tavsiyeler:\u00a0 \u201cG\u00fcvenilir program haz\u0131rla, b\u00fcrokratlar\u0131 de\u011fi\u015ftir, verileri d\u00fczelt, Merkez Ba\u015fkan\u0131n\u0131 i\u00e7erden ata, dar gelirliye dokunma.\u201d<\/p>\n","protected":false},"author":1,"featured_media":93306,"comment_status":"closed","ping_status":"open","sticky":false,"template":"","format":"standard","meta":{"footnotes":""},"categories":[25],"tags":[590,549,3660,909,294],"class_list":["post-93305","post","type-post","status-publish","format-standard","has-post-thumbnail","hentry","category-ekonomi","tag-halkin","tag-kurum","tag-program","tag-veri","tag-yilmaz"],"_links":{"self":[{"href":"https:\/\/haberulus.net\/index.php?rest_route=\/wp\/v2\/posts\/93305","targetHints":{"allow":["GET"]}}],"collection":[{"href":"https:\/\/haberulus.net\/index.php?rest_route=\/wp\/v2\/posts"}],"about":[{"href":"https:\/\/haberulus.net\/index.php?rest_route=\/wp\/v2\/types\/post"}],"author":[{"embeddable":true,"href":"https:\/\/haberulus.net\/index.php?rest_route=\/wp\/v2\/users\/1"}],"replies":[{"embeddable":true,"href":"https:\/\/haberulus.net\/index.php?rest_route=%2Fwp%2Fv2%2Fcomments&post=93305"}],"version-history":[{"count":1,"href":"https:\/\/haberulus.net\/index.php?rest_route=\/wp\/v2\/posts\/93305\/revisions"}],"predecessor-version":[{"id":93307,"href":"https:\/\/haberulus.net\/index.php?rest_route=\/wp\/v2\/posts\/93305\/revisions\/93307"}],"wp:featuredmedia":[{"embeddable":true,"href":"https:\/\/haberulus.net\/index.php?rest_route=\/wp\/v2\/media\/93306"}],"wp:attachment":[{"href":"https:\/\/haberulus.net\/index.php?rest_route=%2Fwp%2Fv2%2Fmedia&parent=93305"}],"wp:term":[{"taxonomy":"category","embeddable":true,"href":"https:\/\/haberulus.net\/index.php?rest_route=%2Fwp%2Fv2%2Fcategories&post=93305"},{"taxonomy":"post_tag","embeddable":true,"href":"https:\/\/haberulus.net\/index.php?rest_route=%2Fwp%2Fv2%2Ftags&post=93305"}],"curies":[{"name":"wp","href":"https:\/\/api.w.org\/{rel}","templated":true}]}}