{"id":93420,"date":"2023-06-05T09:21:04","date_gmt":"2023-06-05T09:21:04","guid":{"rendered":"https:\/\/haberulus.net\/?p=93420"},"modified":"2023-06-05T09:21:04","modified_gmt":"2023-06-05T09:21:04","slug":"nesli-tehlike-altinda-olan-dikkuyruk-karsta-goruntulendi","status":"publish","type":"post","link":"https:\/\/haberulus.net\/?p=93420","title":{"rendered":"Nesli tehlike alt\u0131nda olan dikkuyruk Kars\u2019ta g\u00f6r\u00fcnt\u00fclendi"},"content":{"rendered":"<p>I\u011fd\u0131r \u00dcniversitesi akademisyenleriyle g\u00f6lde yapt\u0131\u011f\u0131 \u00e7al\u0131\u015fma sonucu, D\u00fcnya Do\u011fa ve Do\u011fal Kaynaklar\u0131 Koruma Birli\u011fi\u2019nin (IUCN) nesli tehlike alt\u0131nda olan t\u00fcrleri kapsayan k\u0131rm\u0131z\u0131 listesinde \u201cEN-Endangered (Tehlikede)\u201d koduyla yer alan dikkuyru\u011fu (Oxyura leucocephala) \u00c7al\u0131 G\u00f6l\u00fc\u2019nde kamerayla kay\u0131t alt\u0131na ald\u0131.<\/p>\n<p>Yaban hayat\u0131 merakl\u0131lar\u0131, ku\u015f g\u00f6zlemcileri, do\u011fa foto\u011fraf\u00e7\u0131lar\u0131 ve bilim insanlar\u0131n\u0131n g\u00f6rmek istedi\u011fi \u00f6nemli t\u00fcrlerden olan dikkuyruk, yakla\u015f\u0131k \u00fc\u00e7 saatlik \u00e7al\u0131\u015fma sonucu g\u00f6r\u00fcnt\u00fclendi.<\/p>\n<p>G\u00f6lde iki \u00fcreyen erkek dikkuyru\u011fun ya\u015fam alanlar\u0131 kay\u0131t alt\u0131na al\u0131nd\u0131.<\/p>\n<p>Dikkuyruk, \u00c7al\u0131 G\u00f6l\u00fc sulak alan\u0131nda bug\u00fcne kadar g\u00f6zlemlenen 185 t\u00fcr aras\u0131nda yer al\u0131yor.<\/p>\n<p>I\u011fd\u0131r \u00dcniversitesi Ku\u015f Bilimi Uygulama ve Ara\u015ft\u0131rma Merkezi (KU\u015eMER) M\u00fcd\u00fcr\u00fc Dr. \u00d6\u011fretim \u00dcyesi Emrah \u00c7elik, dikkuyru\u011fun \u00f6nemli bir t\u00fcr oldu\u011funu s\u00f6yledi.<\/p>\n<p>Dikkuyru\u011fun korunmas\u0131 gerekti\u011fini ifade eden \u00c7elik, \u201cIUCN kriterlerinde tehlikede olan bir t\u00fcr. \u00dclkemizde de nadir g\u00f6r\u00fclen t\u00fcrlerden biri. Do\u011fu Anadolu\u2019da da yine Kars\u2019taki \u00c7al\u0131 G\u00f6l\u00fc\u2019nde g\u00f6r\u00fclen bir \u00f6rdek t\u00fcr\u00fcm\u00fcz\u201d dedi.<\/p>\n<p><img decoding=\"async\" src=\"https:\/\/i01.sozcucdn.com\/wp-content\/uploads\/2023\/06\/05\/resim3_23143639.jpg\" alt=\"\" title=\"\"><\/p>\n<p>Uzun zamand\u0131r ku\u015fun bu alana gelmesini beklediklerini ve bu kay\u0131tlar\u0131 almak i\u00e7in \u00e7al\u0131\u015fma y\u00fcr\u00fctt\u00fcklerini anlatan \u00c7elik, \u201cArazi \u00e7al\u0131\u015fmalar\u0131m\u0131zda iki birey kayd\u0131n\u0131 verdik. Bundan sonraki \u00e7al\u0131\u015fmalar\u0131m\u0131zda da t\u00fcr\u00fc g\u00f6zlemlemek i\u00e7in arazi \u00e7al\u0131\u015fmalar\u0131m\u0131z\u0131 ger\u00e7ekle\u015ftirece\u011fiz\u201d diye konu\u015ftu.<\/p>\n<p>Do\u011fu Anadolu B\u00f6lgesi\u2019nde bir\u00e7ok ku\u015f t\u00fcr\u00fcn\u00fcn ya\u015fad\u0131\u011f\u0131n\u0131, bunlar aras\u0131nda nesli tehlike alt\u0131nda olan t\u00fcrlerin de bulundu\u011funa i\u015faret eden \u00c7elik, \u201cBu t\u00fcr\u00fcn (dikkuyruk) g\u00f6r\u00fcnt\u00fclenmesi \u00e7ok \u00f6nemli \u00e7\u00fcnk\u00fc nesli tehlike alt\u0131nda\u201d ifadelerini kulland\u0131.<\/p>\n<p>\u00c7elik, t\u00fcr\u00fcn daha \u00f6nce b\u00f6lgede g\u00f6r\u00fcld\u00fc\u011f\u00fcn\u00fc ancak bu kez yak\u0131ndan ve detayl\u0131 \u015fekilde kamerayla kay\u0131t alt\u0131na al\u0131nd\u0131\u011f\u0131n\u0131 belirtti. <strong>(AA)<\/strong><\/p>\n","protected":false},"excerpt":{"rendered":"<p>D\u00fcnyada nesli tehlike alt\u0131nda olan dikkuyruk, Kars&#8217;taki \u00c7al\u0131 G\u00f6l\u00fc sulak alan\u0131nda g\u00f6r\u00fcnt\u00fclendi.<\/p>\n","protected":false},"author":1,"featured_media":93421,"comment_status":"closed","ping_status":"open","sticky":false,"template":"","format":"standard","meta":{"footnotes":""},"categories":[33],"tags":[317,73,1591,890,748],"class_list":["post-93420","post","type-post","status-publish","format-standard","has-post-thumbnail","hentry","category-yasam","tag-calisma","tag-celik","tag-kus","tag-tehlike","tag-tur"],"_links":{"self":[{"href":"https:\/\/haberulus.net\/index.php?rest_route=\/wp\/v2\/posts\/93420","targetHints":{"allow":["GET"]}}],"collection":[{"href":"https:\/\/haberulus.net\/index.php?rest_route=\/wp\/v2\/posts"}],"about":[{"href":"https:\/\/haberulus.net\/index.php?rest_route=\/wp\/v2\/types\/post"}],"author":[{"embeddable":true,"href":"https:\/\/haberulus.net\/index.php?rest_route=\/wp\/v2\/users\/1"}],"replies":[{"embeddable":true,"href":"https:\/\/haberulus.net\/index.php?rest_route=%2Fwp%2Fv2%2Fcomments&post=93420"}],"version-history":[{"count":1,"href":"https:\/\/haberulus.net\/index.php?rest_route=\/wp\/v2\/posts\/93420\/revisions"}],"predecessor-version":[{"id":93422,"href":"https:\/\/haberulus.net\/index.php?rest_route=\/wp\/v2\/posts\/93420\/revisions\/93422"}],"wp:featuredmedia":[{"embeddable":true,"href":"https:\/\/haberulus.net\/index.php?rest_route=\/wp\/v2\/media\/93421"}],"wp:attachment":[{"href":"https:\/\/haberulus.net\/index.php?rest_route=%2Fwp%2Fv2%2Fmedia&parent=93420"}],"wp:term":[{"taxonomy":"category","embeddable":true,"href":"https:\/\/haberulus.net\/index.php?rest_route=%2Fwp%2Fv2%2Fcategories&post=93420"},{"taxonomy":"post_tag","embeddable":true,"href":"https:\/\/haberulus.net\/index.php?rest_route=%2Fwp%2Fv2%2Ftags&post=93420"}],"curies":[{"name":"wp","href":"https:\/\/api.w.org\/{rel}","templated":true}]}}