{"id":93429,"date":"2023-06-05T09:35:05","date_gmt":"2023-06-05T09:35:05","guid":{"rendered":"https:\/\/haberulus.net\/?p=93429"},"modified":"2023-06-05T09:35:05","modified_gmt":"2023-06-05T09:35:05","slug":"osmanli-donemine-ait-deniz-fenerinin-restorasyonu-tamamlandi","status":"publish","type":"post","link":"https:\/\/haberulus.net\/?p=93429","title":{"rendered":"Osmanl\u0131 d\u00f6nemine ait Deniz Feneri\u2019nin restorasyonu tamamland\u0131"},"content":{"rendered":"<p>D\u00fcnyada antik ve yak\u0131n \u00e7a\u011flara ait iki deniz fenerinin bir arada ke\u015ffedildi\u011fi yer olan Alt\u0131nova\u2019da Osmanl\u0131 d\u00f6nemine ait Deniz Feneri&#8217;nin restorasyonu tamamland\u0131.<\/p>\n<p>Fenerin yan\u0131nda deniz sular\u0131 alt\u0131nda ke\u015ffedilen 2 bin y\u0131ll\u0131k Roma d\u00f6nemine ait di\u011fer deniz feneri g\u00fcn y\u00fcz\u00fcne \u00e7\u0131kar\u0131ld\u0131.<\/p>\n<p>Alt\u0131nova Belediye Ba\u015fkan\u0131 Dr. Mehmet Oral, b\u00f6lgenin a\u00e7\u0131k hava deniz fenerleri m\u00fczesi olaca\u011f\u0131n\u0131, kaz\u0131larda ortaya \u00e7\u0131kan eserlerin burada sergilenece\u011fini ifade etti.<\/p>\n<p>Restorasyon ve kaz\u0131 \u00e7al\u0131\u015fmalar\u0131n\u0131 inceleyen Oral, \u201cAntik \u00c7a\u011f\u2019dan Osmanl\u0131&#8217;ya deniz fenerleriyle ilgili tarihi bir yolculuk, tarihe dokundu\u011funuz ve ke\u015ffedece\u011finiz \u00f6nemli bir merkez olacak. Ayr\u0131ca d\u00fcnyan\u0131n \u00fcnl\u00fc deniz fenerlerinin replikalar\u0131n\u0131n yan\u0131 s\u0131ra sosyal tesislerin yer alaca\u011f\u0131 bir yer olacak\u201d diye konu\u015ftu.<\/p>\n<p>Yalova M\u00fcze M\u00fcd\u00fcr\u00fc Sinan \u00d6zbey de Alt\u0131nova\u2019da ge\u00e7mi\u015ften g\u00fcn\u00fcm\u00fcze kalan arkeolojik ve k\u00fclt\u00fcrel dokunun korunmas\u0131yla ilgili \u00e7al\u0131\u015fmalar yap\u0131ld\u0131\u011f\u0131n\u0131 belirterek, \u201cAlt\u0131nova il\u00e7emizde ge\u00e7mi\u015ften g\u00fcn\u00fcm\u00fcze kalan arkeolojik ve k\u00fclt\u00fcrel dokunun korunmas\u0131yla ilgili olarak, bu dokular\u0131n ya\u015fam\u0131n i\u00e7erisine girerek, korunarak kullan\u0131lmas\u0131n\u0131 ama\u00e7layan bir proje y\u00fcr\u00fct\u00fcyoruz \u015fu anda\u201d dedi.<\/p>\n<p><img decoding=\"async\" src=\"https:\/\/i01.sozcucdn.com\/wp-content\/uploads\/2023\/06\/05\/resim3_23143861.jpg\" alt=\"\" title=\"\"><\/p>\n<p>Bursa Uluda\u011f \u00dcniversitesi Sualt\u0131 Arkeolojisi Anabilim Dal\u0131 Ba\u015fkan\u0131 ve Hersek Deltas\u0131 Kara ve Sualt\u0131 Kaz\u0131lar\u0131 Ba\u015fkan\u0131 Dr. Serkan G\u00fcnd\u00fcz ise 2022 kaz\u0131 \u00e7al\u0131\u015fmalar\u0131n\u0131n kara etab\u0131n\u0131n Helenapolis Antik Kenti&#8217;nin liman\u0131nda bulunan deniz feneri yap\u0131s\u0131nda ger\u00e7ekle\u015ftirdiklerini belirterek, \u015funlar\u0131 kaydetti:<\/p>\n<p>\u201cGen\u00e7 Roma erken Bizans d\u00f6nemine tarihlendi\u011fini d\u00fc\u015f\u00fcnd\u00fc\u011f\u00fcm\u00fcz bir yap\u0131d\u0131r. Hemen arkas\u0131nda bulunan 1863 Osmanl\u0131 deniz feneri yap\u0131s\u0131yla kompleks olarak durmaktad\u0131r. B\u00f6lge deniz fenerlerinin tarihsel olarak Roma&#8217;dan g\u00fcn\u00fcm\u00fcze kadar geli\u015fimini g\u00f6stermesi a\u00e7\u0131s\u0131ndan olduk\u00e7a \u00f6nemlidir.\u201d<strong> (AA)<\/strong><\/p>\n","protected":false},"excerpt":{"rendered":"<p>D\u00fcnyada antik ve yak\u0131n \u00e7a\u011flara ait iki deniz fenerinin bir arada ke\u015ffedildi\u011fi yer olan Alt\u0131nova&#8217;da Osmanl\u0131 d\u00f6nemine ait Deniz Feneri\u2019nin restorasyonu tamamland\u0131.\u00a0<\/p>\n","protected":false},"author":1,"featured_media":93430,"comment_status":"closed","ping_status":"open","sticky":false,"template":"","format":"standard","meta":{"footnotes":""},"categories":[27],"tags":[527,12073,82],"class_list":["post-93429","post","type-post","status-publish","format-standard","has-post-thumbnail","hentry","category-kultur-sanat","tag-deniz","tag-deniz-feneri","tag-gun"],"_links":{"self":[{"href":"https:\/\/haberulus.net\/index.php?rest_route=\/wp\/v2\/posts\/93429","targetHints":{"allow":["GET"]}}],"collection":[{"href":"https:\/\/haberulus.net\/index.php?rest_route=\/wp\/v2\/posts"}],"about":[{"href":"https:\/\/haberulus.net\/index.php?rest_route=\/wp\/v2\/types\/post"}],"author":[{"embeddable":true,"href":"https:\/\/haberulus.net\/index.php?rest_route=\/wp\/v2\/users\/1"}],"replies":[{"embeddable":true,"href":"https:\/\/haberulus.net\/index.php?rest_route=%2Fwp%2Fv2%2Fcomments&post=93429"}],"version-history":[{"count":1,"href":"https:\/\/haberulus.net\/index.php?rest_route=\/wp\/v2\/posts\/93429\/revisions"}],"predecessor-version":[{"id":93431,"href":"https:\/\/haberulus.net\/index.php?rest_route=\/wp\/v2\/posts\/93429\/revisions\/93431"}],"wp:featuredmedia":[{"embeddable":true,"href":"https:\/\/haberulus.net\/index.php?rest_route=\/wp\/v2\/media\/93430"}],"wp:attachment":[{"href":"https:\/\/haberulus.net\/index.php?rest_route=%2Fwp%2Fv2%2Fmedia&parent=93429"}],"wp:term":[{"taxonomy":"category","embeddable":true,"href":"https:\/\/haberulus.net\/index.php?rest_route=%2Fwp%2Fv2%2Fcategories&post=93429"},{"taxonomy":"post_tag","embeddable":true,"href":"https:\/\/haberulus.net\/index.php?rest_route=%2Fwp%2Fv2%2Ftags&post=93429"}],"curies":[{"name":"wp","href":"https:\/\/api.w.org\/{rel}","templated":true}]}}