{"id":93444,"date":"2023-06-05T09:51:06","date_gmt":"2023-06-05T09:51:06","guid":{"rendered":"https:\/\/haberulus.net\/?p=93444"},"modified":"2023-06-05T09:51:06","modified_gmt":"2023-06-05T09:51:06","slug":"nenad-bjelica-yazilan-bazi-isimlerin-transferi-imkansiz","status":"publish","type":"post","link":"https:\/\/haberulus.net\/?p=93444","title":{"rendered":"Nenad Bjelica: Yaz\u0131lan baz\u0131 isimlerin transferi imkans\u0131z"},"content":{"rendered":"<p>Spor Toto S\u00fcper Lig\u2019in son haftas\u0131nda yar\u0131n Medipol Ba\u015fak\u015fehir\u2019e konuk olacak Trabzonspor\u2019un teknik direkt\u00f6r\u00fc Nenad Bjelica, bordo-mavili tak\u0131m\u0131n antrenman\u0131 \u00f6ncesi d\u00fczenledi\u011fi bas\u0131n toplant\u0131s\u0131nda a\u00e7\u0131klamalarda bulundu.<\/p>\n<p>H\u0131rvat teknik adam, sahan\u0131n tamam\u0131nda sorumluluk alacak oyunculara sahip olmak istediklerini belirterek, \u201cHerkesin e\u015fit \u015fekilde sorumluluk \u00fcstlenece\u011fi bir tak\u0131m olu\u015fturmak istiyoruz. Marek Hamsik seviyesinde, o tecr\u00fcbe ve ya\u015fta bir oyuncu bulmak \u00e7ok kolay de\u011fil. Marek kadar \u00e7al\u0131\u015fmaya a\u00e7 oyuncu bulabilmemiz \u00e7ok kolay de\u011fil. Bizim g\u00f6r\u00fc\u015ft\u00fc\u011f\u00fcm\u00fcz \u00e7ok oyuncu var. \u0130yi oyuncular\u0131 kadroya katmaya \u00e7al\u0131\u015f\u0131yoruz. O ya\u015fta, tecr\u00fcbede lider bir oyuncu bulabilirsek, tabii ki aram\u0131za katmay\u0131 isteriz\u201d \u015feklinde konu\u015ftu.<\/p>\n<p>Ge\u00e7en sezonun \u015fampiyonu Trabzonspor ile bu sezonun \u015fampiyonu Galatasaray\u2019\u0131n bir oyuncu \u00fczerinden bunu ba\u015farmad\u0131\u011f\u0131n\u0131 anlatan Bjelica, \u201cEn iyi tak\u0131ma sahip olduklar\u0131 i\u00e7in \u015fampiyon oldular. Biz de en iyi tak\u0131m\u0131 olu\u015fturmaya \u00e7al\u0131\u015faca\u011f\u0131z\u201d ifadelerini kulland\u0131.<\/p>\n<p><b>\u201cTAKIMA 6-7 OYUNCU KATMAYI D\u00dc\u015e\u00dcN\u00dcYORUZ\u201d<\/b><\/p>\n<p>Bjelica, y\u00f6netim kurulu ile g\u00fcn\u00fcn her saatinde nas\u0131l bir tak\u0131m olu\u015fturacaklar\u0131 konusunda g\u00f6r\u00fc\u015ft\u00fcklerini vurgulayarak, \u015f\u00f6yle devam etti:<\/p>\n<p>\u201cTak\u0131ma 6-7 oyuncu katmay\u0131 d\u00fc\u015f\u00fcn\u00fcyoruz. Tabii bu say\u0131 aram\u0131zdan ayr\u0131lacak oyuncular\u0131n durumuna g\u00f6re de\u011fi\u015fkenlik g\u00f6sterir. Panathinaikos\u2019tan Dimitrious Kourbelis aram\u0131za kat\u0131lacak. Kourbelis, 6 ve 8 numara pozisyonunda oynayan bir oyuncu. Bizim sistemimize uygun. Panathinaikos\u2019ta son zamanlarda daha ofansif oynad\u0131. Yunanistan Milli Tak\u0131m\u0131\u2019nda da savunma pozisyonunda g\u00f6rev yapt\u0131. Baz\u0131 oyuncularla yapt\u0131\u011f\u0131m\u0131z g\u00f6r\u00fc\u015fmeler ileri boyuta ula\u015ft\u0131. 30 Haziran\u2019da yapaca\u011f\u0131m\u0131z idmanda 5-6 oyuncu muhtemelen bizimle olacak.\u201d<\/p>\n<p>Hemen hemen her pozisyonda oyuncu aray\u0131\u015flar\u0131 bulundu\u011funu belirten H\u0131rvat \u00e7al\u0131\u015ft\u0131r\u0131c\u0131, \u201cBelki bek pozisyonunda \u00e7ok aray\u0131\u015f\u0131m\u0131z var. Orada gen\u00e7 oyuncular\u0131m\u0131zdan Eren (Elmal\u0131), Arif (Bo\u015fluk)g ibi isimler var. Kalecilerimiz de gayet iyi. U\u011furcan\u2019\u0131n (\u00c7ak\u0131r) belki \u00e7ok b\u00fcy\u00fck teklif gelip ayr\u0131lmas\u0131 durumuna g\u00f6re de\u011ferlendirebiliriz. Genel olarak tak\u0131m\u0131m\u0131z\u0131 en g\u00fc\u00e7l\u00fc ekiplerden biri haline getirmek istiyoruz\u201d diye konu\u015ftu.<\/p>\n<p><b>\u201cYAZILAN BAZI \u0130S\u0130MLER\u0130N TRANSFER\u0130 \u0130MKANSIZ\u201d<\/b><\/p>\n<p>Bjelica, transferde (Mislav) Orsic ve (Bruno) Petkovic gibi oyuncularla ilgili s\u00f6ylemlere ili\u015fkin, \u201cGeldi\u011fim ilk g\u00fcnden itibaren \u201925 H\u0131rvat oyuncu geliyor\u2019 diye g\u00f6r\u00fcyorum. Baz\u0131lar\u0131n\u0131n aram\u0131za kat\u0131lmas\u0131 imkans\u0131z. Bir\u00e7ok isim yaz\u0131l\u0131yor. Zagreb\u2019de bu oyuncularla beraber \u00e7al\u0131\u015ft\u0131k. H\u0131rvatistan Milli Tak\u0131m\u0131\u2019nda oynuyorlar. En son \u00fc\u00e7\u00fcnc\u00fcl\u00fckte pay sahibi olmu\u015f oyuncular. Orsic, \u00fc\u00e7\u00fcnc\u00fcl\u00fck ma\u00e7\u0131nda oynad\u0131, gol att\u0131. Petkovi\u00e7 de \u00f6yle\u2026 G\u00f6r\u00fc\u015fmelerimiz s\u00fcrd\u00fcr\u00fcl\u00fcyor ama yaz\u0131lan baz\u0131 isimlerin transferi imkans\u0131z. Bu oyuncular\u0131 transfer edebilmek \u00e7ok kolay olmayacak\u201d de\u011ferlendirmesinde bulundu.<\/p>\n<p>\u0130lk geldi\u011finde mental olarak y\u0131k\u0131ma u\u011fram\u0131\u015f bir tak\u0131m oldu\u011funa dikkati \u00e7eken H\u0131rvat \u00e7al\u0131\u015ft\u0131r\u0131c\u0131, \u201cSivasspor ma\u00e7\u0131 \u00f6ncesi ilk antrenmanda ho\u015fuma gitmeyen \u015feyler g\u00f6rm\u00fc\u015ft\u00fcm. Yeni kurallar getirmek zorunday\u0131z. Ho\u015fuma gitmeyen \u015feylerden sonra oyuncularla konu\u015farak, kurallar\u0131m\u0131z\u0131 aktararak iyi seviyeye ula\u015ft\u0131\u011f\u0131m\u0131z\u0131 s\u00f6yleyebilirim. Tak\u0131m ko\u015fmaya, m\u00fccadele etmeye istekli vaziyette. 14-15 tane kazanmak i\u00e7in \u00e7al\u0131\u015fmaya haz\u0131r oyuncumuz oldu\u011funu s\u00f6yleyebiliriz. \u0130yi ve k\u00f6t\u00fc d\u00f6nemlerimiz olacakt\u0131r ama geneline bak\u0131ld\u0131\u011f\u0131nda iyiye giden bir tak\u0131m var. Son 3 haftaya bak\u0131ld\u0131\u011f\u0131 zaman bu ivmenin \u00fczerine \u00e7\u0131karak b\u00fcy\u00fck ba\u015far\u0131lar kazanmak istiyoruz\u201d a\u00e7\u0131klamas\u0131n\u0131 yapt\u0131.<\/p>\n<p><b>\u201cALTYAPI \u00c7ALI\u015eMALARINI \u00d6D\u00dcLLEND\u0130RMEK \u0130ST\u0130YORUZ\u201d<\/b><\/p>\n<p>Ba\u015fka tak\u0131mlarda g\u00f6rev yapan kiral\u0131k oyuncular\u0131 takip ettiklerini aktaran Bjelica, s\u00f6zlerini \u015f\u00f6yle s\u00fcrd\u00fcrd\u00fc:<\/p>\n<p>\u201cAram\u0131za kat\u0131lanlar olacak. (Kiral\u0131k oyunculardan) 2-3 tanesi bizimle beraber olacak. Kampta kendilerini g\u00f6sterme f\u0131rsat\u0131 vermek istiyoruz. Yine 19 ya\u015f alt\u0131 tak\u0131m\u0131ndan 4-5 oyuncu bizimle olacak. Hem onlara f\u0131rsat hem de altyap\u0131n\u0131n bir kaynak oldu\u011funun mesaj\u0131n\u0131 vermek istiyoruz. Altyap\u0131 \u00e7al\u0131\u015fmalar\u0131n\u0131 \u00f6d\u00fcllendirmek istiyoruz. Oyuncular\u0131n geli\u015fimi g\u00fcn g\u00fcn takip edilmeli. Trabzonspor\u2019a fayda sa\u011flayacak oyuncular mutlaka olacakt\u0131r. Trabzonspor m\u00fccadele etmek, en tepeye oynamak, kupalar kazanmak zorunda. Altyap\u0131 da bunun i\u00e7in kaynak olacak. Barselona altyap\u0131s\u0131n\u0131n bazen oyuncu \u00e7\u0131karamad\u0131\u011f\u0131n\u0131 g\u00f6r\u00fcyoruz. Uzun s\u00fcre\u00e7li bir konu. Gen\u00e7 oyuncular\u0131 zaman zaman oynat\u0131p \u015fans verdik. Arif ve Taha bizimle beraber oynad\u0131lar.\u201d<\/p>\n<p>Bjelica, Ba\u015fak\u015fehir ma\u00e7\u0131nda 5 gen\u00e7 oyuncunun kadroda olaca\u011f\u0131n\u0131 aktararak, \u201cOnlar\u0131 da g\u00f6rebilmek istiyoruz. Gen\u00e7 oyuncuyu haz\u0131r oldu\u011funda de\u011ferlendirebilmek \u00f6nemli. Bu oyuncular\u0131 do\u011fru zamanda oynat\u0131p, faydal\u0131 \u015fekilde kullanmal\u0131y\u0131z\u201d dedi. (AA)<\/p>\n","protected":false},"excerpt":{"rendered":"<p>Trabzonspor Teknik Direkt\u00f6r\u00fc Nenad Bjelica, gelecek sezonun transfer \u00e7al\u0131\u015fmalar\u0131na ili\u015fkin bilgi verdi.<\/p>\n","protected":false},"author":1,"featured_media":93445,"comment_status":"closed","ping_status":"open","sticky":false,"template":"","format":"standard","meta":{"footnotes":""},"categories":[31],"tags":[1973,5162,2183,197,192],"class_list":["post-93444","post","type-post","status-publish","format-standard","has-post-thumbnail","hentry","category-spor","tag-bizim","tag-bjelica","tag-olacak","tag-oyuncu","tag-takim"],"_links":{"self":[{"href":"https:\/\/haberulus.net\/index.php?rest_route=\/wp\/v2\/posts\/93444","targetHints":{"allow":["GET"]}}],"collection":[{"href":"https:\/\/haberulus.net\/index.php?rest_route=\/wp\/v2\/posts"}],"about":[{"href":"https:\/\/haberulus.net\/index.php?rest_route=\/wp\/v2\/types\/post"}],"author":[{"embeddable":true,"href":"https:\/\/haberulus.net\/index.php?rest_route=\/wp\/v2\/users\/1"}],"replies":[{"embeddable":true,"href":"https:\/\/haberulus.net\/index.php?rest_route=%2Fwp%2Fv2%2Fcomments&post=93444"}],"version-history":[{"count":1,"href":"https:\/\/haberulus.net\/index.php?rest_route=\/wp\/v2\/posts\/93444\/revisions"}],"predecessor-version":[{"id":93446,"href":"https:\/\/haberulus.net\/index.php?rest_route=\/wp\/v2\/posts\/93444\/revisions\/93446"}],"wp:featuredmedia":[{"embeddable":true,"href":"https:\/\/haberulus.net\/index.php?rest_route=\/wp\/v2\/media\/93445"}],"wp:attachment":[{"href":"https:\/\/haberulus.net\/index.php?rest_route=%2Fwp%2Fv2%2Fmedia&parent=93444"}],"wp:term":[{"taxonomy":"category","embeddable":true,"href":"https:\/\/haberulus.net\/index.php?rest_route=%2Fwp%2Fv2%2Fcategories&post=93444"},{"taxonomy":"post_tag","embeddable":true,"href":"https:\/\/haberulus.net\/index.php?rest_route=%2Fwp%2Fv2%2Ftags&post=93444"}],"curies":[{"name":"wp","href":"https:\/\/api.w.org\/{rel}","templated":true}]}}