{"id":93545,"date":"2023-06-05T12:21:05","date_gmt":"2023-06-05T12:21:05","guid":{"rendered":"https:\/\/haberulus.net\/?p=93545"},"modified":"2023-06-05T12:21:05","modified_gmt":"2023-06-05T12:21:05","slug":"uc-yil-once-kesfedildi-ulkemizde-benzeri-bulunmuyor","status":"publish","type":"post","link":"https:\/\/haberulus.net\/?p=93545","title":{"rendered":"\u00dc\u00e7 y\u0131l \u00f6nce ke\u015ffedildi: \u00dclkemizde benzeri bulunmuyor"},"content":{"rendered":"<p>\u015eenkaya il\u00e7esine ba\u011fl\u0131 k\u0131rsal Ormanl\u0131 Mahallesi\u2019ne \u00fc\u00e7 y\u0131l \u00f6nce \u2018tarihi ta\u015f heykel bulundu\u011fu\u2019 ihbar\u0131 \u00fczerine giden Erzurum M\u00fczesi M\u00fcd\u00fcr\u00fc ve arkeolog H\u00fcsn\u00fc Gen\u00e7 ile akademisyenler, vatanda\u015flar\u0131n buldu\u011fu ta\u015f\u0131, kente getirip koruma alt\u0131na ald\u0131.<\/p>\n<p>Akademisyen ve arkeologlar, yapt\u0131klar\u0131 inceleme ve ara\u015ft\u0131rmalarda \u2018ta\u015f baba\u2019 denilen heykelin ge\u00e7mi\u015fte Orta Asya\u2019da vefat eden b\u00fcy\u00fck devlet adamlar\u0131 i\u00e7in yap\u0131ld\u0131\u011f\u0131n\u0131 tespit etti.<\/p>\n<p>Elinde kase tutan, belinde s\u0131ral\u0131 4 kemer olan \u2018ta\u015f baba heykeli\u2019nin g\u00f6revlilerce bak\u0131m, restorasyon ve konservasyon \u00e7al\u0131\u015fmalar\u0131 tamamland\u0131.<\/p>\n<p>Y\u00fcz k\u0131sm\u0131, elleri ve kemerinde i\u015flemeli motifler bulunan, 1 metre 23 santimetre uzunlu\u011funda, 47 santimetre geni\u015fli\u011findeki heykel, yaz d\u00f6neminde a\u00e7\u0131lmas\u0131 planlanan Erzurum M\u00fczesi\u2019nde yerini ald\u0131.<\/p>\n<p><strong>\u201c\u00dclkemizde benzeri bulunmuyor\u201d<\/strong><\/p>\n<p>Erzurum M\u00fczesi M\u00fcd\u00fcr\u00fc H\u00fcsn\u00fc Gen\u00e7, \u00fc\u00e7 y\u0131l \u00f6nce \u015fubat ay\u0131nda gelen ihbar \u00fczerine Ormanl\u0131 Mahallesi\u2019ndeki yaylaya akademisyenlerle gittiklerini s\u00f6yledi.<\/p>\n<p>Yaylada jandarma e\u015fli\u011finde eseri koruma alt\u0131na al\u0131p kente getirdiklerini anlatan Gen\u00e7, \u201cTa\u015f baba heykeli, m\u00fczemizin ve \u00fclkemizin \u00fcnik (tek ve e\u015fi olmayan) eserlerinden birisi. Ta\u015f baba, \u0130slamiyet\u2019ten \u00f6nceki T\u00fcrklerde \u00f6zelikle Orta Asya\u2019da bulunan T\u00fcrk kavimleri taraf\u0131ndan b\u00fcy\u00fck devlet adamlar\u0131n\u0131n mezarlar\u0131na dikilen \u015fahide ta\u015flard\u0131r, yani mezar ta\u015flar\u0131d\u0131r\u201d dedi.<\/p>\n<p>Tarihi a\u00e7\u0131dan \u00f6nem arz eden ta\u015f\u0131n \u00f6zellikle Orta Asya\u2019daki \u2018ta\u015f babalar\u2019la kar\u015f\u0131la\u015ft\u0131r\u0131ld\u0131\u011f\u0131nda milattan \u00f6nce 500\u2019l\u00fc y\u0131llara tekab\u00fcl etti\u011fini ifade eden Gen\u00e7, \u015funlar\u0131 kaydetti:<\/p>\n<p>\u201cTa\u015f baban\u0131n T\u00fcrk geleneklerinde oldu\u011fu gibi elinde \u2018Beng\u00fc Bade kasesi\u2019 ve belinde s\u0131ral\u0131 kemer g\u00f6r\u00fcl\u00fcyor. Bu kemer, zaman\u0131nda vefat etmi\u015f T\u00fcrk b\u00fcy\u00fc\u011f\u00fcn\u00fcn, kemerdeki \u00e7izgi say\u0131s\u0131 artt\u0131k\u00e7a makam\u0131n\u0131n, mevki ve r\u00fctbesinin artt\u0131\u011f\u0131n\u0131 g\u00f6steren i\u015farettir. Elindeki \u2018Beng\u00fc Bade\u2019 ise \u00f6ld\u00fckten sonra sonsuzluk kadehini i\u00e7erek \u00f6l\u00fcms\u00fczl\u00fc\u011fe gitti\u011fini belirtmektedir.\u201d<\/p>\n<p>Gen\u00e7, eserin T\u00fcrk mezar g\u00f6mme geleneklerinin en belirgin \u015fekli ve \u00f6rneklerinden oldu\u011funa i\u015faret ederek, \u201c\u00dclkemizde benzeri bulunmuyor \u00e7\u00fcnk\u00fc bunlar\u0131n orijinali Orta Asya\u2019da. Bilindi\u011fi gibi T\u00fcrk \u0131rk\u0131 Orta Asya\u2019dan T\u00fcrkiye\u2019ye do\u011fru yay\u0131l\u0131m g\u00f6stermekte. Tabii Orta Asya\u2019da de\u011fi\u015fik \u00f6rne\u011fi vard\u0131r ancak \u00fclkemizde ilk \u00f6rne\u011fi m\u00fczemizde. Eser g\u00fcn\u00fcm\u00fczden yakla\u015f\u0131k 2500 y\u0131l \u00f6ncesine ait\u201d diye konu\u015ftu. <strong>(AA)<\/strong><\/p>\n","protected":false},"excerpt":{"rendered":"<p>Erzurum&#8217;da \u00fc\u00e7 y\u0131l \u00f6nce bulunan &#8216;ta\u015f baba heykeli&#8217;, restorasyon \u00e7al\u0131\u015fmas\u0131n\u0131n tamamlanmas\u0131yla a\u00e7\u0131l\u0131\u015f i\u00e7in g\u00fcn sayan Erzurum M\u00fczesi&#8217;ne yerle\u015ftirildi.<\/p>\n","protected":false},"author":1,"featured_media":93546,"comment_status":"closed","ping_status":"open","sticky":false,"template":"","format":"standard","meta":{"footnotes":""},"categories":[27],"tags":[1145,643,524,605,87],"class_list":["post-93545","post","type-post","status-publish","format-standard","has-post-thumbnail","hentry","category-kultur-sanat","tag-baba","tag-genc","tag-kemer","tag-tas","tag-turk"],"_links":{"self":[{"href":"https:\/\/haberulus.net\/index.php?rest_route=\/wp\/v2\/posts\/93545","targetHints":{"allow":["GET"]}}],"collection":[{"href":"https:\/\/haberulus.net\/index.php?rest_route=\/wp\/v2\/posts"}],"about":[{"href":"https:\/\/haberulus.net\/index.php?rest_route=\/wp\/v2\/types\/post"}],"author":[{"embeddable":true,"href":"https:\/\/haberulus.net\/index.php?rest_route=\/wp\/v2\/users\/1"}],"replies":[{"embeddable":true,"href":"https:\/\/haberulus.net\/index.php?rest_route=%2Fwp%2Fv2%2Fcomments&post=93545"}],"version-history":[{"count":1,"href":"https:\/\/haberulus.net\/index.php?rest_route=\/wp\/v2\/posts\/93545\/revisions"}],"predecessor-version":[{"id":93547,"href":"https:\/\/haberulus.net\/index.php?rest_route=\/wp\/v2\/posts\/93545\/revisions\/93547"}],"wp:featuredmedia":[{"embeddable":true,"href":"https:\/\/haberulus.net\/index.php?rest_route=\/wp\/v2\/media\/93546"}],"wp:attachment":[{"href":"https:\/\/haberulus.net\/index.php?rest_route=%2Fwp%2Fv2%2Fmedia&parent=93545"}],"wp:term":[{"taxonomy":"category","embeddable":true,"href":"https:\/\/haberulus.net\/index.php?rest_route=%2Fwp%2Fv2%2Fcategories&post=93545"},{"taxonomy":"post_tag","embeddable":true,"href":"https:\/\/haberulus.net\/index.php?rest_route=%2Fwp%2Fv2%2Ftags&post=93545"}],"curies":[{"name":"wp","href":"https:\/\/api.w.org\/{rel}","templated":true}]}}