{"id":93585,"date":"2023-06-05T13:19:32","date_gmt":"2023-06-05T13:19:32","guid":{"rendered":"https:\/\/haberulus.net\/?p=93585"},"modified":"2023-06-05T13:19:32","modified_gmt":"2023-06-05T13:19:32","slug":"gorusmenin-ayrintilari-ortaya-cikti-kilicdaroglu-imamoglunun-kongre-talebini-reddetmis","status":"publish","type":"post","link":"https:\/\/haberulus.net\/?p=93585","title":{"rendered":"G\u00f6r\u00fc\u015fmenin ayr\u0131nt\u0131lar\u0131 ortaya \u00e7\u0131kt\u0131! K\u0131l\u0131\u00e7daro\u011flu, \u0130mamo\u011flu&#8217;nun &#8220;kongre&#8221; talebini reddetmi\u015f"},"content":{"rendered":"<p>28 May\u0131s Pazar g\u00fcn\u00fc yap\u0131lan cumhurba\u015fkanl\u0131\u011f\u0131 se\u00e7imlerinden zaferle ayr\u0131lan aday\u0131n Cumhurba\u015fkan\u0131 Erdo\u011fan olmas\u0131 CHP&#8217;de ta\u015flar\u0131n yerinden oynamas\u0131na neden oldu.  <strong>Se\u00e7im<\/strong> sonras\u0131 ele\u015ftiri oklar\u0131n\u0131n bir b\u00f6l\u00fcm\u00fc muhalefete ve  <strong>Kemal K\u0131l\u0131\u00e7daro\u011flu<\/strong>&#8216;na \u00e7evrildi.<\/p>\n<p><b>SE\u00c7\u0130MDEN 4 G\u00dcN SONRA GENEL MERKEZDE BULU\u015eTULAR<\/b><\/p>\n<p>Se\u00e7imin ma\u011flubiyetinin ard\u0131ndan yapt\u0131\u011f\u0131 &#8220;de\u011fi\u015fim&#8221; vurgulu konu\u015fmas\u0131 g\u00fcndemde geni\u015f yank\u0131 uyand\u0131ran \u0130stanbul B\u00fcy\u00fck\u015fehir Belediye Ba\u015fkan\u0131 Ekrem \u0130mamo\u011flu,  <strong>se\u00e7im<\/strong> gecesinden 4 g\u00fcn sonra CHP Genel Merkezi&#8217;nde Genel Ba\u015fkan Kemal K\u0131l\u0131\u00e7daro\u011flu ile kritik bir g\u00f6r\u00fc\u015fme ger\u00e7ekle\u015ftirdi. G\u00f6r\u00fc\u015fmede hem se\u00e7im s\u00fcrecinin de\u011ferlendirilmesinin yap\u0131ld\u0131\u011f\u0131 hem de CHP&#8217;nin yol haritas\u0131na dair g\u00f6r\u00fc\u015f al\u0131\u015fveri\u015finde bulunuldu\u011fu belirtildi.<\/p>\n<p><b>&#8220;YEREL SE\u00c7\u0130MLERDEN \u00d6NCE KONGREYE G\u0130D\u0130LMEL\u0130&#8221;<\/b><\/p>\n<p>K\u0131l\u0131\u00e7daro\u011flu-\u0130mamo\u011flu zirvesine dair kulis bilgilerini g\u00f6r\u00fc\u015fmeden g\u00fcnler sonra payla\u015fan gazeteci \u0130smail Saymaz, iki ismin toplant\u0131s\u0131nda \u0130mamo\u011flu&#8217;nun &#8220;Partimizin de\u011fi\u015fime ihtiyac\u0131 var. Ben bu de\u011fi\u015fime \u00f6nderlik yapabilirim. Yerel se\u00e7imlerden \u00f6nce kongreye gidilmeli&#8221; teklifinde bulundu\u011funu s\u00f6yledi.<\/p>\n<p><b>&#8220;B\u00dcY\u00dcK KURULTAY YEREL SE\u00c7\u0130MLERDEN SONRA YAPILMALI&#8221;<\/b><\/p>\n<p>Saymaz, genel ba\u015fkan dahil t\u00fcm y\u00f6netim kadrolar\u0131nda de\u011fi\u015fim s\u00fcrecinin \u00f6n\u00fcn\u00fcn a\u00e7\u0131lmas\u0131n\u0131n talep eden ve yerel se\u00e7ime yeni bir CHP ile girilmesini isteyen \u0130mamo\u011flu&#8217;nun bu teklifine K\u0131l\u0131\u00e7daro\u011flu&#8217;nun olumsuz yan\u0131t verdi\u011fini ve B\u00fcy\u00fck Kurultay&#8217;\u0131n yerel se\u00e7imlerden sonra yap\u0131lmas\u0131n\u0131 istedi\u011fi \u00f6ne s\u00fcrd\u00fc.<\/p>\n","protected":false},"excerpt":{"rendered":"<p>CHP Genel Ba\u015fkan\u0131 Kemal K\u0131l\u0131\u00e7daro\u011flu ile \u0130BB Ba\u015fkan\u0131 Ekrem \u0130mamo\u011flu 2. tur se\u00e7imlerinden 4 g\u00fcn sonra genel merkezde bir araya gelmi\u015fti. G\u00f6r\u00fc\u015fmeye dair kulis bilgileri g\u00fcnler sonra ortaya \u00e7\u0131karken g\u00f6r\u00fc\u015fmede K\u0131l\u0131\u00e7daro\u011flu, \u0130mamo\u011flu&#8217;nun yapt\u0131\u011f\u0131 &#8220;Partimizin de\u011fi\u015fime ihtiyac\u0131 var. Ben bu de\u011fi\u015fime \u00f6nderlik yapabilirim. Yerel se\u00e7imlerden \u00f6nce kongreye gidilmeli&#8221; teklifine olumsuz yan\u0131t verdi\u011fi \u00f6ne s\u00fcr\u00fcld\u00fc.<\/p>\n","protected":false},"author":1,"featured_media":0,"comment_status":"closed","ping_status":"open","sticky":false,"template":"","format":"standard","meta":{"footnotes":""},"categories":[28],"tags":[82,320,1935],"class_list":["post-93585","post","type-post","status-publish","format-standard","hentry","category-politika","tag-gun","tag-secim","tag-yerel"],"_links":{"self":[{"href":"https:\/\/haberulus.net\/index.php?rest_route=\/wp\/v2\/posts\/93585","targetHints":{"allow":["GET"]}}],"collection":[{"href":"https:\/\/haberulus.net\/index.php?rest_route=\/wp\/v2\/posts"}],"about":[{"href":"https:\/\/haberulus.net\/index.php?rest_route=\/wp\/v2\/types\/post"}],"author":[{"embeddable":true,"href":"https:\/\/haberulus.net\/index.php?rest_route=\/wp\/v2\/users\/1"}],"replies":[{"embeddable":true,"href":"https:\/\/haberulus.net\/index.php?rest_route=%2Fwp%2Fv2%2Fcomments&post=93585"}],"version-history":[{"count":1,"href":"https:\/\/haberulus.net\/index.php?rest_route=\/wp\/v2\/posts\/93585\/revisions"}],"predecessor-version":[{"id":93586,"href":"https:\/\/haberulus.net\/index.php?rest_route=\/wp\/v2\/posts\/93585\/revisions\/93586"}],"wp:attachment":[{"href":"https:\/\/haberulus.net\/index.php?rest_route=%2Fwp%2Fv2%2Fmedia&parent=93585"}],"wp:term":[{"taxonomy":"category","embeddable":true,"href":"https:\/\/haberulus.net\/index.php?rest_route=%2Fwp%2Fv2%2Fcategories&post=93585"},{"taxonomy":"post_tag","embeddable":true,"href":"https:\/\/haberulus.net\/index.php?rest_route=%2Fwp%2Fv2%2Ftags&post=93585"}],"curies":[{"name":"wp","href":"https:\/\/api.w.org\/{rel}","templated":true}]}}