{"id":93602,"date":"2023-06-05T13:49:32","date_gmt":"2023-06-05T13:49:32","guid":{"rendered":"https:\/\/haberulus.net\/?p=93602"},"modified":"2023-06-05T13:49:32","modified_gmt":"2023-06-05T13:49:32","slug":"chpde-yeni-myknin-sifreleri-satir-arasinda-kilicdaroglunun-gitmiyorum-mesaji-var","status":"publish","type":"post","link":"https:\/\/haberulus.net\/?p=93602","title":{"rendered":"CHP&#8217;de yeni MYK&#8217;n\u0131n \u015fifreleri! Sat\u0131r aras\u0131nda K\u0131l\u0131\u00e7daro\u011flu&#8217;nun &#8220;Gitmiyorum&#8221; mesaj\u0131 var"},"content":{"rendered":"<p>Cumhurba\u015fkanl\u0131\u011f\u0131 se\u00e7iminden sonra d\u00fczenlenen ilk MYK toplant\u0131s\u0131nda t\u00fcm \u00fcyeler CHP Genel Ba\u015fkan\u0131 Kemal K\u0131l\u0131\u00e7daro\u011flu&#8217;na istifas\u0131n\u0131 sunmu\u015ftu. <\/p>\n<p><b>B\u0130R\u00c7OK \u0130S\u0130M \u00c7\u0130Z\u0130K YED\u0130 <\/b><\/p>\n<p>\u0130stifalar\u0131 kabul edilen MYK \u00fcyelerinden Ali \u00d6ztun\u00e7, B\u00fclent Tezcan, Fethi A\u00e7\u0131kel, Gamze Akku\u015f \u0130lgezdi, G\u00f6k\u00e7e G\u00f6k\u00e7en, G\u00fclizar Bi\u00e7er Karaca, O\u011fuz Kaan Sal\u0131c\u0131, Selin Sayek B\u00f6ke, Muharrem Erkek, Veli A\u011fbaba, Seyit Torun ve Y\u00fcksel Ta\u015fk\u0131n yeni MYK&#8217;da g\u00f6rev almad\u0131. MYK \u00fcyesi say\u0131s\u0131 17&#8217;den 14&#8217;e d\u00fc\u015ft\u00fc. Parti \u00f6rg\u00fct\u00fc ve \u00f6rg\u00fct y\u00f6netiminden sorumlu genel ba\u015fkan yard\u0131mc\u0131l\u0131\u011f\u0131 kald\u0131r\u0131ld\u0131. K\u0131l\u0131\u00e7daro\u011flu, parti \u00f6rg\u00fctlerini kendine ba\u011flad\u0131.<\/p>\n<p><b>YEN\u0130 MYK&#8217;NIN TAM L\u0130STES\u0130 \u015e\u00d6YLE; <\/b><\/p>\n<ul>\n<li>Ahmet Ak\u0131n: Yerel y\u00f6netimler<\/li>\n<li>Aylin Yaman: Sosyal politikalar<\/li>\n<li>Aysu Banko\u011flu: Tan\u0131t\u0131m ve halkla ili\u015fkiler<\/li>\n<li>B\u00fclent Ku\u015fo\u011flu: \u0130dari ve mali i\u015fler<\/li>\n<li>Devrim Bar\u0131\u015f \u00c7elik: Bilgi ve ileti\u015fim teknolojileri<\/li>\n<li>Eren Erdem: Sosyal medya y\u00f6netimi<\/li>\n<li>Faik \u00d6ztrak:  <strong>Ekonomi<\/strong> politikalar\u0131-parti s\u00f6zc\u00fcs\u00fc<\/li>\n<li>Hasan Efe Uyar: \u0130\u015f\u00e7i sendikalar\u0131, STK ve meslek kurulu\u015flar\u0131<\/li>\n<li>Lale Karab\u0131y\u0131k: \u0130\u015fveren \u00f6rg\u00fctleri<\/li>\n<li>Neslihan Hanc\u0131o\u011flu: Genel sekreter<\/li>\n<li>Semra Din\u00e7er: Do\u011fa haklar\u0131<\/li>\n<li>Tahsin Tarhan: Yurt d\u0131\u015f\u0131 \u00f6rg\u00fctlenme<\/li>\n<li>Yunus Emre: Bilim-y\u00f6netim ve k\u00fclt\u00fcr platformu<\/li>\n<li>Zeynel Emre: Hukuk ve  <strong>se\u00e7im<\/strong> i\u015fleri<\/li>\n<\/ul>\n<p><b>KILI\u00c7DARO\u011eLU &#8220;G\u0130TM\u0130YORUM&#8221; MESAJI MI VERD\u0130? <\/b><\/p>\n<p>Yeni MYK listesinde \u00f6nemli isimlere g\u00f6rev verilmemesi ve listenin K\u0131l\u0131\u00e7daro\u011flu&#8217;na yak\u0131n isimlerden olu\u015fturulmas\u0131 kulislerde &#8220;K\u0131l\u0131\u00e7daro\u011flu koltu\u011fu b\u0131rakmayacak&#8221; \u015feklinde yorumland\u0131. \u00d6yle ki ad\u0131 CHP Genel Ba\u015fkanl\u0131\u011f\u0131 i\u00e7in ge\u00e7en O\u011fuz Kaan Sal\u0131c\u0131 da yeni MYK&#8217;da yer almad\u0131.<\/p>\n<p><b>\u0130MAMO\u011eLU&#8217;NUN \u00d6NER\u0130S\u0130N\u0130 REDDETT\u0130 <\/b><\/p>\n<p>\u00d6te yandan se\u00e7imlerin hemen ard\u0131ndan &#8220;De\u011fi\u015fim&#8221; \u00e7a\u011fr\u0131s\u0131 yapan \u0130BB Ba\u015fkan\u0131 Ekrem \u0130mamo\u011flu ile K\u0131l\u0131\u00e7daro\u011flu aras\u0131nda yap\u0131lan g\u00f6r\u00fc\u015fmenin de detaylar\u0131 netle\u015fti. \u0130mamo\u011flu&#8217;nun g\u00f6r\u00fc\u015fmede &#8220;Partimizin de\u011fi\u015fime ihtiyac\u0131 var. Ben bu de\u011fi\u015fime \u00f6nderlik yapabilirim. Yerel se\u00e7imlerden \u00f6nce kongreye gidilmeli&#8221; teklifinde bulundu\u011fu ancak bu \u00f6nerinin &#8220;B\u00fcy\u00fck kurultay\u0131 yerel se\u00e7imlerden sonra yapal\u0131m&#8221; denilerek K\u0131l\u0131\u00e7daro\u011flu taraf\u0131ndan reddedildi\u011fi konu\u015fuluyor. <\/p>\n","protected":false},"excerpt":{"rendered":"<p>CHP&#8217;nin yeni Merkez Y\u00fcr\u00fctme Kurulu \u00fcyeleri belli oldu. Parti \u00f6rg\u00fct\u00fc ve \u00f6rg\u00fct y\u00f6netimi CHP Genel Ba\u015fkan\u0131 Kemal K\u0131l\u0131\u00e7daro\u011flu&#8217;na ba\u011fland\u0131. Faik \u00d6ztrak parti s\u00f6zc\u00fcs\u00fc g\u00f6revini s\u00fcrd\u00fcr\u00fcrken, genel sekreter g\u00f6revine Neslihan Hanc\u0131o\u011flu se\u00e7ildi. Belirlenen yeni A tak\u0131m\u0131n\u0131n K\u0131l\u0131\u00e7daro\u011flu&#8217;na yak\u0131n isimlerden olu\u015fmas\u0131 dikkat \u00e7ekti. Bu da kulislerde &#8220;K\u0131l\u0131\u00e7daro\u011flu koltu\u011fu b\u0131rakmayacak&#8221; \u015feklinde yorumland\u0131.<\/p>\n","protected":false},"author":1,"featured_media":0,"comment_status":"closed","ping_status":"open","sticky":false,"template":"","format":"standard","meta":{"footnotes":""},"categories":[28],"tags":[1496,12087,88,320],"class_list":["post-93602","post","type-post","status-publish","format-standard","hentry","category-politika","tag-kilicdaroglu","tag-myk","tag-orgut","tag-secim"],"_links":{"self":[{"href":"https:\/\/haberulus.net\/index.php?rest_route=\/wp\/v2\/posts\/93602","targetHints":{"allow":["GET"]}}],"collection":[{"href":"https:\/\/haberulus.net\/index.php?rest_route=\/wp\/v2\/posts"}],"about":[{"href":"https:\/\/haberulus.net\/index.php?rest_route=\/wp\/v2\/types\/post"}],"author":[{"embeddable":true,"href":"https:\/\/haberulus.net\/index.php?rest_route=\/wp\/v2\/users\/1"}],"replies":[{"embeddable":true,"href":"https:\/\/haberulus.net\/index.php?rest_route=%2Fwp%2Fv2%2Fcomments&post=93602"}],"version-history":[{"count":1,"href":"https:\/\/haberulus.net\/index.php?rest_route=\/wp\/v2\/posts\/93602\/revisions"}],"predecessor-version":[{"id":93603,"href":"https:\/\/haberulus.net\/index.php?rest_route=\/wp\/v2\/posts\/93602\/revisions\/93603"}],"wp:attachment":[{"href":"https:\/\/haberulus.net\/index.php?rest_route=%2Fwp%2Fv2%2Fmedia&parent=93602"}],"wp:term":[{"taxonomy":"category","embeddable":true,"href":"https:\/\/haberulus.net\/index.php?rest_route=%2Fwp%2Fv2%2Fcategories&post=93602"},{"taxonomy":"post_tag","embeddable":true,"href":"https:\/\/haberulus.net\/index.php?rest_route=%2Fwp%2Fv2%2Ftags&post=93602"}],"curies":[{"name":"wp","href":"https:\/\/api.w.org\/{rel}","templated":true}]}}