{"id":93661,"date":"2023-06-05T15:51:02","date_gmt":"2023-06-05T15:51:02","guid":{"rendered":"https:\/\/haberulus.net\/?p=93661"},"modified":"2023-06-05T15:51:02","modified_gmt":"2023-06-05T15:51:02","slug":"abden-enerji-krizi-karari","status":"publish","type":"post","link":"https:\/\/haberulus.net\/?p=93661","title":{"rendered":"AB\u2019den enerji krizi karar\u0131"},"content":{"rendered":"<p>AB Komisyonu, y\u00fcksek enerji fiyatlar\u0131na y\u00f6nelik acil durum m\u00fcdahalelerinin g\u00f6zden ge\u00e7irilmesi i\u00e7in haz\u0131rlanan ve AB Konseyi\u2019ne g\u00f6nderilen raporu yay\u0131mlad\u0131.<\/p>\n<p>Raporda, ge\u00e7en y\u0131l enerji piyasas\u0131 i\u00e7in getirilen elektrik talebini d\u00fc\u015f\u00fcrme, enerji \u00fcreticilerinin gelirine \u00fcst s\u0131n\u0131r koyma ve perakende elektrik fiyatlar\u0131n\u0131 belirleme gibi kurallar\u0131n Avrupa enerji piyasalar\u0131n\u0131n rahatlamas\u0131na katk\u0131da bulundu\u011funun tespit edildi\u011fi kaydedildi.<\/p>\n<p><strong>\u201cGEREKL\u0130 G\u00d6R\u00dcNM\u00dcYOR\u201d<\/strong><\/p>\n<p>Son d\u00f6nemde AB elektrik piyasas\u0131nda arz ve fiyatlar\u0131n ge\u00e7en y\u0131la k\u0131yasla ciddi \u00f6l\u00e7\u00fcde de\u011fi\u015fti\u011fi belirtilen raporda, \u201cAcil durum \u00f6nlemlerinin uzat\u0131lmas\u0131 \u015fu anda gerekli veya tavsiye edilebilir g\u00f6r\u00fcnm\u00fcyor.\u201d ifadesi kullan\u0131ld\u0131.<\/p>\n<p>Raporda, AB Komisyonu\u2019nun, s\u00f6z konusu enerji kriz \u00f6nlemlerinin uzat\u0131lmas\u0131n\u0131 teklif etmeyece\u011fi bildirildi.<\/p>\n<p>Elektrik fiyatlar\u0131n\u0131n hali haz\u0131rda megavatsaat ba\u015f\u0131na 80 avronun alt\u0131na d\u00fc\u015ft\u00fc\u011f\u00fc an\u0131msat\u0131lan raporda, 2022 boyunca g\u00f6zlemlenen elektrik fiyat\u0131 art\u0131\u015flar\u0131n\u0131n gelecek k\u0131\u015f d\u00f6neminde ya\u015fanma olas\u0131l\u0131\u011f\u0131n d\u00fc\u015f\u00fck oldu\u011fu belirtildi.<\/p>\n<p><strong>\u201cC\u0130DD\u0130 B\u0130R Y\u00dcK GET\u0130R\u0130YOR\u201d<\/strong><\/p>\n<p>AB \u00fcyesi \u00fclkeler, ge\u00e7en y\u0131l Rusya-Ukrayna sava\u015f\u0131 ve enerji krizi ile birlikte artan do\u011falgaz ve elektrik fiyatlar\u0131na kar\u015f\u0131 \u00e7ok say\u0131da tedbir ve destek program\u0131 uygulamaya koymu\u015ftu. Bu enerji desteklemeleri \u00fcye \u00fclkelerin kamu maliyelerine ciddi bir y\u00fck getiriyor.\u200b\u200b\u200b\u200b\u200b\u200b\u200b<\/p>\n<p>Avrupa\u2019da derinli\u011fi en fazla olan Hollanda merkezli sanal do\u011fal gaz ticaret noktas\u0131 TTF\u2019de do\u011fal gaz fiyatlar\u0131 bug\u00fcn megavatsaat ba\u015f\u0131na 28 avrodan i\u015flem g\u00f6r\u00fcyor. Bu rakam ge\u00e7en yaz d\u00f6neminde 350 avroya kadar \u00e7\u0131km\u0131\u015ft\u0131. (AA)<\/p>\n","protected":false},"excerpt":{"rendered":"<p>Avrupa Birli\u011fi (AB) Komisyonu, enerji krizi nedeniyle ge\u00e7en y\u0131l uygulamaya ge\u00e7irilen elektrik talebini azaltma ve elektrik \u00fcreten \u015firketlerin gelirlerini s\u0131n\u0131rlama gibi tedbirlerin y\u00fcr\u00fcrl\u00fckten kald\u0131r\u0131laca\u011f\u0131n\u0131 bildirdi.<\/p>\n","protected":false},"author":1,"featured_media":93662,"comment_status":"closed","ping_status":"open","sticky":false,"template":"","format":"standard","meta":{"footnotes":""},"categories":[25],"tags":[942,728,1729],"class_list":["post-93661","post","type-post","status-publish","format-standard","has-post-thumbnail","hentry","category-ekonomi","tag-elektrik","tag-enerji","tag-fiyatlarin"],"_links":{"self":[{"href":"https:\/\/haberulus.net\/index.php?rest_route=\/wp\/v2\/posts\/93661","targetHints":{"allow":["GET"]}}],"collection":[{"href":"https:\/\/haberulus.net\/index.php?rest_route=\/wp\/v2\/posts"}],"about":[{"href":"https:\/\/haberulus.net\/index.php?rest_route=\/wp\/v2\/types\/post"}],"author":[{"embeddable":true,"href":"https:\/\/haberulus.net\/index.php?rest_route=\/wp\/v2\/users\/1"}],"replies":[{"embeddable":true,"href":"https:\/\/haberulus.net\/index.php?rest_route=%2Fwp%2Fv2%2Fcomments&post=93661"}],"version-history":[{"count":1,"href":"https:\/\/haberulus.net\/index.php?rest_route=\/wp\/v2\/posts\/93661\/revisions"}],"predecessor-version":[{"id":93663,"href":"https:\/\/haberulus.net\/index.php?rest_route=\/wp\/v2\/posts\/93661\/revisions\/93663"}],"wp:featuredmedia":[{"embeddable":true,"href":"https:\/\/haberulus.net\/index.php?rest_route=\/wp\/v2\/media\/93662"}],"wp:attachment":[{"href":"https:\/\/haberulus.net\/index.php?rest_route=%2Fwp%2Fv2%2Fmedia&parent=93661"}],"wp:term":[{"taxonomy":"category","embeddable":true,"href":"https:\/\/haberulus.net\/index.php?rest_route=%2Fwp%2Fv2%2Fcategories&post=93661"},{"taxonomy":"post_tag","embeddable":true,"href":"https:\/\/haberulus.net\/index.php?rest_route=%2Fwp%2Fv2%2Ftags&post=93661"}],"curies":[{"name":"wp","href":"https:\/\/api.w.org\/{rel}","templated":true}]}}