{"id":93782,"date":"2023-06-05T21:53:33","date_gmt":"2023-06-05T21:53:33","guid":{"rendered":"https:\/\/haberulus.net\/?p=93782"},"modified":"2023-06-05T21:53:33","modified_gmt":"2023-06-05T21:53:33","slug":"yeni-kabine-ilk-toplantisini-bugun-yapacak-masada-2-onemli-konu-basligi-var","status":"publish","type":"post","link":"https:\/\/haberulus.net\/?p=93782","title":{"rendered":"Yeni Kabine, ilk toplant\u0131s\u0131n\u0131 bug\u00fcn yapacak! Masada 2 \u00f6nemli konu ba\u015fl\u0131\u011f\u0131 var"},"content":{"rendered":"<p>Cumhurba\u015fkan\u0131 Recep Tayyip Erdo\u011fan, cumartesi g\u00fcn\u00fc yeni  <strong>Kabine<\/strong>&#8216;yi duyurdu. Yeni  <strong>Kabine<\/strong>&#8216;de sadece iki isim de\u011fi\u015fmedi. Sa\u011fl\u0131k Bakan\u0131 Fahrettin Koca ile K\u00fclt\u00fcr ve Turizm Bakan\u0131 Mehmet Nuri Ersoy g\u00f6revlerine devam etti.<\/p>\n<p><b>YEN\u0130 KAB\u0130NEN\u0130N \u0130LK TOPLANTISI BUG\u00dcN<\/b><\/p>\n<p>Bakanl\u0131klarda devir teslim tamamlan\u0131rken, yeni isimler g\u00f6reve ba\u015flad\u0131. Cumhurba\u015fkan\u0131 Erdo\u011fan yeni bakanlar ile ilk Kabine toplant\u0131s\u0131n\u0131 bug\u00fcn ger\u00e7ekle\u015ftirecek. \u0130lk toplant\u0131da yeni d\u00f6nemin yol haritas\u0131 ele al\u0131nacak.<\/p>\n<p><b>ANA G\u00dcNDEM MADDELER\u0130 EKONOM\u0130 VE TER\u00d6RLE M\u00dcCADELE<\/b><\/p>\n<p>Toplant\u0131n\u0131n a\u011f\u0131rl\u0131kl\u0131 g\u00fcndem maddesi  <strong>ekonomi<\/strong> ve ter\u00f6rle m\u00fccadele olacak. Ta\u015ferona kadro, deprem b\u00f6lgesinde yap\u0131lacak konutlar g\u00f6r\u00fc\u015f\u00fclecek.  <strong>Se\u00e7im<\/strong> vaadi olarak a\u00e7\u0131klanan ev han\u0131mlar\u0131na emeklilik, gen\u00e7lere vergisiz telefon ve faizsiz evlilik kredisi gibi konular masaya yat\u0131r\u0131lacak.<\/p>\n<p><b>EMEKL\u0130 MAA\u015eI KAB\u0130NE&#8217;DE G\u00d6R\u00dc\u015e\u00dcLECEK<\/b><\/p>\n<p>7 bin 500 TL olan en d\u00fc\u015f\u00fck emekli ayl\u0131\u011f\u0131 ile ilgili kademeli art\u0131\u015f d\u00fczenlemesi de Kabine&#8217;de g\u00f6r\u00fc\u015f\u00fclecek. Ayr\u0131ca asgari \u00fccrete temmuz ay\u0131nda yap\u0131lacak zamm\u0131n da Kabine&#8217;de konu\u015fulmas\u0131 bekleniyor.<\/p>\n<p><b>YEN\u0130 KAB\u0130NE K\u0130MLERDEN OLU\u015eUYOR?<\/b><\/p>\n<ul>\n<li>Cumhurba\u015fkan\u0131 Yard\u0131mc\u0131s\u0131: Cevdet Y\u0131lmaz<\/li>\n<li>Adalet Bakan\u0131: Y\u0131lmaz Tun\u00e7<\/li>\n<li>Aile ve Sosyal Hizmetler Bakan\u0131: Mahinur \u00d6zdemir G\u00f6kta\u015f<\/li>\n<li>\u00c7al\u0131\u015fma ve Sosyal G\u00fcvenlik Bakan\u0131: Vedat I\u015f\u0131khan<\/li>\n<li>\u00c7evre \u015eehircilik ve \u0130klim De\u011fi\u015fikli\u011fi Bakan\u0131: Mehmet \u00d6zhaseki<\/li>\n<li>D\u0131\u015fi\u015fleri Bakan\u0131: Hakan Fidan<\/li>\n<li>Enerji ve Tabii Kaynaklar Bakan\u0131: Alparslan Bayraktar<\/li>\n<li>Gen\u00e7lik ve  <strong>Spor<\/strong> Bakan\u0131: Osman A\u015fk\u0131nbak<\/li>\n<li>Hazine ve Maliye Bakan\u0131: Mehmet \u015eim\u015fek<\/li>\n<li>\u0130\u00e7i\u015fleri Bakan\u0131: Ali Yerlikaya<\/li>\n<li>K\u00fclt\u00fcr ve Turizm Bakan\u0131: Mehmet Nuri Ersoy<\/li>\n<li>Milli E\u011fitim Bakan\u0131: Yusuf Tekin<\/li>\n<li>Milli Savunma Bakan\u0131: Ya\u015far G\u00fcler<\/li>\n<li>Sa\u011fl\u0131k Bakan\u0131: Fahrettin Koca<\/li>\n<li>Sanayi ve Teknoloji Bakan\u0131: Mehmet Fatih Kac\u0131r<\/li>\n<li>Tar\u0131m ve Orman Bakan\u0131: \u0130brahim Yumakl\u0131<\/li>\n<li>Ticaret Bakan\u0131: \u00d6mer Bolat<\/li>\n<li>Ula\u015ft\u0131rma ve Altyap\u0131 Bakan\u0131: Abd\u00fclkadir Uralo\u011flu<\/li>\n<\/ul>\n","protected":false},"excerpt":{"rendered":"<p>Cumhurba\u015fkan\u0131 Erdo\u011fan&#8217;\u0131n cumartesi g\u00fcn\u00fc duyurdu\u011fu yeni Kabine ilk toplant\u0131s\u0131n\u0131 bug\u00fcn ger\u00e7ekle\u015ftirecek. Ba\u015ftan sona yenilenen yeni Kabine&#8217;nin ilk toplant\u0131s\u0131nda a\u011f\u0131rl\u0131kl\u0131 g\u00fcndem maddesi ekonomi ve ter\u00f6rle m\u00fccadele olacak. Deprem b\u00f6lgesindeki konutlar\u0131n yap\u0131m\u0131 da Kabine&#8217;de g\u00f6r\u00fc\u015f\u00fclecek konular aras\u0131nda yer al\u0131yor.<\/p>\n","protected":false},"author":1,"featured_media":0,"comment_status":"closed","ping_status":"open","sticky":false,"template":"","format":"standard","meta":{"footnotes":""},"categories":[28],"tags":[2878,2323],"class_list":["post-93782","post","type-post","status-publish","format-standard","hentry","category-politika","tag-kabine","tag-mehmet"],"_links":{"self":[{"href":"https:\/\/haberulus.net\/index.php?rest_route=\/wp\/v2\/posts\/93782","targetHints":{"allow":["GET"]}}],"collection":[{"href":"https:\/\/haberulus.net\/index.php?rest_route=\/wp\/v2\/posts"}],"about":[{"href":"https:\/\/haberulus.net\/index.php?rest_route=\/wp\/v2\/types\/post"}],"author":[{"embeddable":true,"href":"https:\/\/haberulus.net\/index.php?rest_route=\/wp\/v2\/users\/1"}],"replies":[{"embeddable":true,"href":"https:\/\/haberulus.net\/index.php?rest_route=%2Fwp%2Fv2%2Fcomments&post=93782"}],"version-history":[{"count":1,"href":"https:\/\/haberulus.net\/index.php?rest_route=\/wp\/v2\/posts\/93782\/revisions"}],"predecessor-version":[{"id":93783,"href":"https:\/\/haberulus.net\/index.php?rest_route=\/wp\/v2\/posts\/93782\/revisions\/93783"}],"wp:attachment":[{"href":"https:\/\/haberulus.net\/index.php?rest_route=%2Fwp%2Fv2%2Fmedia&parent=93782"}],"wp:term":[{"taxonomy":"category","embeddable":true,"href":"https:\/\/haberulus.net\/index.php?rest_route=%2Fwp%2Fv2%2Fcategories&post=93782"},{"taxonomy":"post_tag","embeddable":true,"href":"https:\/\/haberulus.net\/index.php?rest_route=%2Fwp%2Fv2%2Ftags&post=93782"}],"curies":[{"name":"wp","href":"https:\/\/api.w.org\/{rel}","templated":true}]}}