{"id":93829,"date":"2023-06-06T05:35:33","date_gmt":"2023-06-06T05:35:33","guid":{"rendered":"https:\/\/haberulus.net\/?p=93829"},"modified":"2023-06-06T05:35:33","modified_gmt":"2023-06-06T05:35:33","slug":"cumhurbaskani-basdanismanligina-akif-cagatay-kilic-atandi-2","status":"publish","type":"post","link":"https:\/\/haberulus.net\/?p=93829","title":{"rendered":"Cumhurba\u015fkan\u0131 Ba\u015fdan\u0131\u015fmanl\u0131\u011f\u0131na Akif \u00c7a\u011fatay K\u0131l\u0131\u00e7 atand\u0131"},"content":{"rendered":"<p>Cumhurba\u015fkan\u0131 Recep Tayyip Erdo\u011fan imzas\u0131yla yay\u0131mlanan karara g\u00f6re, Cumhurba\u015fkanl\u0131\u011f\u0131 Te\u015fkilat\u0131 Hakk\u0131nda Cumhurba\u015fkanl\u0131\u011f\u0131 Kararnamesi&#8217;nin 12 ve 13&#8217;\u00fcnc\u00fc maddeleri gere\u011fince Cumhurba\u015fkan\u0131 Ba\u015fdan\u0131\u015fmanl\u0131\u011f\u0131na Akif \u00c7a\u011fatay K\u0131l\u0131\u00e7 atand\u0131. K\u0131l\u0131\u00e7&#8217;a ayr\u0131ca &#8220;B\u00fcy\u00fckel\u00e7ilik&#8221; unvan\u0131 verildi.<\/p>\n<p><b>KILI\u00c7 K\u0130MD\u0130R?<br \/><\/b><\/p>\n<p>Almanya&#8217;n\u0131n Siegen kentinde 1976 y\u0131l\u0131nda do\u011fan Akif \u00c7a\u011fatay K\u0131l\u0131\u00e7, ailesinin T\u00fcrkiye&#8217;ye d\u00f6nmesinin ard\u0131ndan lise e\u011fitimini \u0130stanbul&#8217;da, lisans e\u011fitimini ise \u0130ngiltere&#8217;deki Hertfordshire \u00dcniversitesi&#8217;nde &#8220;Siyaset ve Avrupa \u00c7al\u0131\u015fmalar\u0131&#8221; b\u00f6l\u00fcm\u00fcnde tamamlad\u0131. Siyaset Bilimi ve Avrupa Ekonomisi alan\u0131nda e\u011fitim g\u00f6ren K\u0131l\u0131\u00e7, Sabanc\u0131 Holding Universal Trading UK \u015eirketi&#8217;nde 3 y\u0131l s\u00fcreyle \u0130ngiltere&#8217;de g\u00f6rev ald\u0131.<\/p>\n<p><img decoding=\"async\" src=\"https:\/\/i.hbrcdn.com\/haber\/2023\/06\/06\/cumhurbaskani-basdanismanligina-akif-cagatay-16001385_9205_m.jpg\" alt=\"\" title=\"\"><\/p>\n<p><b>UZUN YILLAR ERDO\u011eAN&#8217;IN EK\u0130B\u0130NDEYD\u0130<\/b><\/p>\n<p>2003 y\u0131l\u0131nda Adalet ve Kalk\u0131nma Partisi Genel Merkezi&#8217;nde Dan\u0131\u015fman olarak \u00e7al\u0131\u015fma hayat\u0131na devam eden K\u0131l\u0131\u00e7, bu s\u00fcre\u00e7 i\u00e7erisinde Ba\u015fbakanl\u0131k M\u00fc\u015faviri, \u00d6zel Kalem M\u00fcd\u00fcr Yard\u0131mc\u0131l\u0131\u011f\u0131 gibi g\u00f6revler \u00fcstlenerek Cumhurba\u015fkan\u0131 Recep Tayyip Erdo\u011fan&#8217;\u0131n Ba\u015fbakanl\u0131\u011f\u0131 d\u00f6neminde, Erdo\u011fan&#8217;\u0131n kurmay ekibinde uzun y\u0131llar g\u00f6rev yapt\u0131. K\u0131l\u0131\u00e7 ayr\u0131ca, \u00f6zel kalem m\u00fcd\u00fcr yard\u0131mc\u0131l\u0131\u011f\u0131 g\u00f6revini \u00fcstlendi\u011fi bu d\u00f6nemde, yurt d\u0131\u015f\u0131 gezilerinin \u00e7o\u011funda Erdo\u011fan&#8217;\u0131n terc\u00fcmanl\u0131\u011f\u0131n\u0131 yapt\u0131.<\/p>\n<p><b>BAKANLIK DA YAPTI<\/b><\/p>\n<p>Akif \u00c7a\u011fatay K\u0131l\u0131\u00e7, 12 Haziran&#8217;daki se\u00e7imler sonucunda milletvekili oldu ve T\u00fcrkiye B\u00fcy\u00fck Millet Meclisi&#8217;ndeki g\u00f6revine ba\u015flad\u0131. 26 Aral\u0131k 2013-19 Temmuz 2017 tarihleri aras\u0131nda 61, 62, 63, 64 ve 65. T\u00fcrkiye Cumhuriyeti H\u00fck\u00fcmetlerinin Gen\u00e7lik ve  <strong>Spor<\/strong> Bakan\u0131 olarak g\u00f6rev yapt\u0131. 24 Haziran 2018 se\u00e7imlerinde \u0130stanbul Milletvekili olarak se\u00e7ilen K\u0131l\u0131\u00e7, ilk d\u00f6nem AKPM T\u00fcrk Delegasyon Ba\u015fkanl\u0131\u011f\u0131 ikinci d\u00f6nem ise TBMM D\u0131\u015fi\u015fleri Komisyon Ba\u015fkanl\u0131\u011f\u0131 g\u00f6revini s\u00fcrd\u00fcrd\u00fc.<\/p>\n<p>\u0130leri d\u00fczeyde Almanca ve \u0130ngilizce bilen K\u0131l\u0131\u00e7, evli ve iki \u00e7ocuk babas\u0131.<\/p>\n","protected":false},"excerpt":{"rendered":"<p>Resmi Gazete&#8217;de yay\u0131mlanan karara g\u00f6re Akif \u00c7a\u011fatay K\u0131l\u0131\u00e7, Cumhurba\u015fkan\u0131 Ba\u015fdan\u0131\u015fmanl\u0131\u011f\u0131na atand\u0131. Uzun y\u0131llar Erdo\u011fan&#8217;la birlikte \u00e7al\u0131\u015fan, Gen\u00e7lik ve Spor Bakan\u0131 olarak da g\u00f6rev yapan K\u0131l\u0131\u00e7&#8217;a B\u00fcy\u00fckel\u00e7ilik unvan\u0131 verildi.<\/p>\n","protected":false},"author":1,"featured_media":0,"comment_status":"closed","ping_status":"open","sticky":false,"template":"","format":"standard","meta":{"footnotes":""},"categories":[28],"tags":[259,267,3902],"class_list":["post-93829","post","type-post","status-publish","format-standard","hentry","category-politika","tag-erdogan","tag-gorev","tag-kilic"],"_links":{"self":[{"href":"https:\/\/haberulus.net\/index.php?rest_route=\/wp\/v2\/posts\/93829","targetHints":{"allow":["GET"]}}],"collection":[{"href":"https:\/\/haberulus.net\/index.php?rest_route=\/wp\/v2\/posts"}],"about":[{"href":"https:\/\/haberulus.net\/index.php?rest_route=\/wp\/v2\/types\/post"}],"author":[{"embeddable":true,"href":"https:\/\/haberulus.net\/index.php?rest_route=\/wp\/v2\/users\/1"}],"replies":[{"embeddable":true,"href":"https:\/\/haberulus.net\/index.php?rest_route=%2Fwp%2Fv2%2Fcomments&post=93829"}],"version-history":[{"count":1,"href":"https:\/\/haberulus.net\/index.php?rest_route=\/wp\/v2\/posts\/93829\/revisions"}],"predecessor-version":[{"id":93830,"href":"https:\/\/haberulus.net\/index.php?rest_route=\/wp\/v2\/posts\/93829\/revisions\/93830"}],"wp:attachment":[{"href":"https:\/\/haberulus.net\/index.php?rest_route=%2Fwp%2Fv2%2Fmedia&parent=93829"}],"wp:term":[{"taxonomy":"category","embeddable":true,"href":"https:\/\/haberulus.net\/index.php?rest_route=%2Fwp%2Fv2%2Fcategories&post=93829"},{"taxonomy":"post_tag","embeddable":true,"href":"https:\/\/haberulus.net\/index.php?rest_route=%2Fwp%2Fv2%2Ftags&post=93829"}],"curies":[{"name":"wp","href":"https:\/\/api.w.org\/{rel}","templated":true}]}}