{"id":93849,"date":"2023-06-06T06:35:33","date_gmt":"2023-06-06T06:35:33","guid":{"rendered":"https:\/\/haberulus.net\/?p=93849"},"modified":"2023-06-06T06:35:33","modified_gmt":"2023-06-06T06:35:33","slug":"kulisleri-sallayan-iddia-deva-partisi-ve-gelecek-partisi-birlesiyor-davutoglu-onursal-baskan-olacak","status":"publish","type":"post","link":"https:\/\/haberulus.net\/?p=93849","title":{"rendered":"Kulisleri sallayan iddia: DEVA Partisi ve Gelecek Partisi birle\u015fiyor, Davuto\u011flu onursal ba\u015fkan olacak"},"content":{"rendered":"<p>DEVA Partisi,  <strong>Gelecek Partisi<\/strong>, Saadet Partisi ve Demokrat Parti; 14 May\u0131s&#8217;ta ger\u00e7ekle\u015fen milletvekili genel se\u00e7imlerine CHP listesinden girdi.<\/p>\n<p><b>TOPLAM 25 VEK\u0130LLER\u0130 VAR<\/b><\/p>\n<p>CHP&#8217;nin Meclis&#8217;e soktu\u011fu 169 vekilin 38&#8217;i ise bu sayd\u0131\u011f\u0131m\u0131z di\u011fer partilerin vekilleri oldu. Ali Babacan&#8217;\u0131n Genel Ba\u015fkanl\u0131\u011f\u0131n\u0131 y\u00fcr\u00fctt\u00fc\u011f\u00fc DEVA Partisi&#8217;nin 15, Ahmet Davuto\u011flu&#8217;nun Genel Ba\u015fkan\u0131 oldu\u011fu Gelecek Partisi&#8217;nin ise 10 milletvekili var. <\/p>\n<p><b>&#8220;E\u015e BA\u015eKANLIK&#8221; ELE ALINACAK<\/b><\/p>\n<p>Kulislerde konu\u015fulanlara g\u00f6re bu iki siyasi partinin birle\u015fmesi i\u00e7in g\u00f6r\u00fc\u015fmeler yap\u0131l\u0131yor. S\u00f6zc\u00fc&#8217;den Sayg\u0131 \u00d6zt\u00fcrk, 2 partinin birbirine \u00e7ok yak\u0131n oldu\u011funu ve e\u011fer birle\u015fme ger\u00e7ekle\u015firse &#8220;E\u015f ba\u015fkanl\u0131k&#8221; d\u00f6neminin yan\u0131 s\u0131ra Davuto\u011flu&#8217;na &#8220;Onursal genel ba\u015fkanl\u0131k&#8221; unvan\u0131 da verilebilece\u011fini aktard\u0131.<\/p>\n<p><b>SAADET L\u0130DER\u0130 \u0130LE DE G\u00d6R\u00dc\u015eT\u00dcLER<\/b><\/p>\n<p>\u00d6te yandan Meclis&#8217;te g\u00fc\u00e7l\u00fc bir grup kurmay\u0131 hedefleyen iki liderin, Saadet Partisi Genel Ba\u015fkan\u0131 Temel Karamollao\u011flu ile de temasta oldu\u011fu \u00f6\u011frenildi.<\/p>\n","protected":false},"excerpt":{"rendered":"<p>Se\u00e7ime CHP listelerinden kat\u0131lan DEVA Partisi 15 vekil, Gelecek Partisi ise 10 vekil \u00e7\u0131kard\u0131. Kulislerde konu\u015fulanlara g\u00f6re iki parti liderleri Ali Babacan ve Ahmet Davuto\u011flu, partileri birle\u015ftirmek i\u00e7in g\u00f6r\u00fc\u015fmeleri s\u00fcrd\u00fcr\u00fcyor. Bu ger\u00e7ekle\u015firse, &#8220;e\u015f ba\u015fkanl\u0131k&#8221; d\u00f6neminin yan\u0131 s\u0131ra Davuto\u011flu&#8217;na &#8220;Onursal genel ba\u015fkanl\u0131k&#8221; unvan\u0131 da verilebilir.<\/p>\n","protected":false},"author":1,"featured_media":0,"comment_status":"closed","ping_status":"open","sticky":false,"template":"","format":"standard","meta":{"footnotes":""},"categories":[28],"tags":[517],"class_list":["post-93849","post","type-post","status-publish","format-standard","hentry","category-politika","tag-partisi"],"_links":{"self":[{"href":"https:\/\/haberulus.net\/index.php?rest_route=\/wp\/v2\/posts\/93849","targetHints":{"allow":["GET"]}}],"collection":[{"href":"https:\/\/haberulus.net\/index.php?rest_route=\/wp\/v2\/posts"}],"about":[{"href":"https:\/\/haberulus.net\/index.php?rest_route=\/wp\/v2\/types\/post"}],"author":[{"embeddable":true,"href":"https:\/\/haberulus.net\/index.php?rest_route=\/wp\/v2\/users\/1"}],"replies":[{"embeddable":true,"href":"https:\/\/haberulus.net\/index.php?rest_route=%2Fwp%2Fv2%2Fcomments&post=93849"}],"version-history":[{"count":1,"href":"https:\/\/haberulus.net\/index.php?rest_route=\/wp\/v2\/posts\/93849\/revisions"}],"predecessor-version":[{"id":93850,"href":"https:\/\/haberulus.net\/index.php?rest_route=\/wp\/v2\/posts\/93849\/revisions\/93850"}],"wp:attachment":[{"href":"https:\/\/haberulus.net\/index.php?rest_route=%2Fwp%2Fv2%2Fmedia&parent=93849"}],"wp:term":[{"taxonomy":"category","embeddable":true,"href":"https:\/\/haberulus.net\/index.php?rest_route=%2Fwp%2Fv2%2Fcategories&post=93849"},{"taxonomy":"post_tag","embeddable":true,"href":"https:\/\/haberulus.net\/index.php?rest_route=%2Fwp%2Fv2%2Ftags&post=93849"}],"curies":[{"name":"wp","href":"https:\/\/api.w.org\/{rel}","templated":true}]}}