{"id":93896,"date":"2023-06-06T08:05:32","date_gmt":"2023-06-06T08:05:32","guid":{"rendered":"https:\/\/haberulus.net\/?p=93896"},"modified":"2023-06-06T08:05:32","modified_gmt":"2023-06-06T08:05:32","slug":"ahmet-davutoglundan-gundem-yaratacak-suleyman-soylu-iddiasi-bakan-olmasin-diye-butun-kabineyi-vekil-yaptilar","status":"publish","type":"post","link":"https:\/\/haberulus.net\/?p=93896","title":{"rendered":"Ahmet Davuto\u011flu&#8217;ndan g\u00fcndem yaratacak S\u00fcleyman Soylu iddias\u0131: Bakan olmas\u0131n diye b\u00fct\u00fcn Kabine&#8217;yi vekil yapt\u0131lar"},"content":{"rendered":"<p> <strong>Gelecek Partisi<\/strong> Genel Ba\u015fkan\u0131 Ahmet Davuto\u011flu, kat\u0131ld\u0131\u011f\u0131 televizyon program\u0131nda \u00f6nemli de\u011ferlendirmelerde bulundu.  <strong>Se\u00e7im<\/strong> sonras\u0131 yenilenen Kabine hakk\u0131nda da konu\u015fan Davuto\u011flu, \u00f6zellikle eski \u0130\u00e7i\u015fleri Bakan\u0131 S\u00fcleyman Soylu hakk\u0131nda \u00f6nemli bir iddiada bulundu.<\/p>\n<p><b>&#8220;T\u00dcM BAKANLARI VEK\u0130L YAPTILAR&#8221;<\/b><\/p>\n<p>Eski bakanlar\u0131n milletvekili yap\u0131ld\u0131\u011f\u0131n\u0131 an\u0131msatan Davuto\u011flu, &#8220;S\u00fcleyman Soylu&#8217;nun bakan olmamas\u0131 i\u00e7in b\u00fct\u00fcn Bakanlar Kurulu&#8217;nu milletvekili yapt\u0131lar. Benim g\u00f6rd\u00fc\u011f\u00fcm tablo bu. Cumhurba\u015fkan\u0131 Erdo\u011fan Soylu&#8217;yu tek ba\u015f\u0131na g\u00f6revden almak istemedi\u011fi i\u00e7in, Bah\u00e7eli ile aras\u0131nda s\u0131k\u0131nt\u0131 do\u011faca\u011f\u0131 i\u00e7in &#8216;T\u00fcm bakanlar\u0131 vekil yapaca\u011f\u0131m&#8217; dedi. Ama 2 bakan\u0131 yeniden ayn\u0131 g\u00f6reve getirdi.&#8221; ifadelerini kulland\u0131.<\/p>\n<p><b>&#8220;BU S\u0130YAS\u0130 AHLAKSIZLIKTIR&#8221;<\/b><\/p>\n<p>\u0130ktidar\u0131n partisinin, muhalefet partilerinin milletvekillerini etkileyece\u011fi y\u00f6nelik iddialar\u0131 yan\u0131tlayan Davuto\u011flu &#8220;Se\u00e7imden \u00f6nce zaten te\u015fkilat\u0131m\u0131za y\u00f6nelik kanca att\u0131lar. Bu siyasi ahlaks\u0131zl\u0131kt\u0131r. Bunu aram\u0131zda yapacak kimse yok. \u00c7\u00fcnk\u00fc biz ilkelerle yola \u00e7\u0131kt\u0131k&#8221; dedi.<\/p>\n<p><b>GRUP KURMA G\u00d6R\u00dc\u015eMELER\u0130 S\u00dcR\u00dcYOR<\/b><\/p>\n<p>&#8220;Gelecek Partisi, DEVA Partisi, Saadet Partisi ile birlikte parlamentoda birlikte grup kurulacak m\u0131?&#8221; sorusuna y\u00f6nelik Davuto\u011flu, g\u00f6r\u00fc\u015fmelerin ger\u00e7ekle\u015ftirildi\u011fini i\u015faret etti.<\/p>\n","protected":false},"excerpt":{"rendered":"<p>Bu sabah bir canl\u0131 yay\u0131na kat\u0131lan Gelecek Partisi Genel Ba\u015fkan\u0131 Ahmet Davuto\u011flu, \u00f6nemli bir iddiada bulundu. B\u00fct\u00fcn bakanlar\u0131n milletvekili olmas\u0131n\u0131 de\u011ferlendiren Davuto\u011flu, &#8220;S\u00fcleyman Soylu&#8217;nun bakan olmamas\u0131 i\u00e7in b\u00fct\u00fcn Bakanlar Kurulu&#8217;nu milletvekili yapt\u0131lar. Devlet Bah\u00e7eli ile sorun ya\u015famamak i\u00e7in de bu yol izlendi&#8221; dedi.<\/p>\n","protected":false},"author":1,"featured_media":0,"comment_status":"closed","ping_status":"open","sticky":false,"template":"","format":"standard","meta":{"footnotes":""},"categories":[28],"tags":[366,326,517],"class_list":["post-93896","post","type-post","status-publish","format-standard","hentry","category-politika","tag-bakan","tag-davutoglu","tag-partisi"],"_links":{"self":[{"href":"https:\/\/haberulus.net\/index.php?rest_route=\/wp\/v2\/posts\/93896","targetHints":{"allow":["GET"]}}],"collection":[{"href":"https:\/\/haberulus.net\/index.php?rest_route=\/wp\/v2\/posts"}],"about":[{"href":"https:\/\/haberulus.net\/index.php?rest_route=\/wp\/v2\/types\/post"}],"author":[{"embeddable":true,"href":"https:\/\/haberulus.net\/index.php?rest_route=\/wp\/v2\/users\/1"}],"replies":[{"embeddable":true,"href":"https:\/\/haberulus.net\/index.php?rest_route=%2Fwp%2Fv2%2Fcomments&post=93896"}],"version-history":[{"count":1,"href":"https:\/\/haberulus.net\/index.php?rest_route=\/wp\/v2\/posts\/93896\/revisions"}],"predecessor-version":[{"id":93897,"href":"https:\/\/haberulus.net\/index.php?rest_route=\/wp\/v2\/posts\/93896\/revisions\/93897"}],"wp:attachment":[{"href":"https:\/\/haberulus.net\/index.php?rest_route=%2Fwp%2Fv2%2Fmedia&parent=93896"}],"wp:term":[{"taxonomy":"category","embeddable":true,"href":"https:\/\/haberulus.net\/index.php?rest_route=%2Fwp%2Fv2%2Fcategories&post=93896"},{"taxonomy":"post_tag","embeddable":true,"href":"https:\/\/haberulus.net\/index.php?rest_route=%2Fwp%2Fv2%2Ftags&post=93896"}],"curies":[{"name":"wp","href":"https:\/\/api.w.org\/{rel}","templated":true}]}}