{"id":93940,"date":"2023-06-06T08:49:33","date_gmt":"2023-06-06T08:49:33","guid":{"rendered":"https:\/\/haberulus.net\/?p=93940"},"modified":"2023-06-06T08:49:33","modified_gmt":"2023-06-06T08:49:33","slug":"davutoglu-yeni-kabinedeki-2-isimden-memnun-basbakan-olsaydim-ben-de-bizzat-bakan-yapardim","status":"publish","type":"post","link":"https:\/\/haberulus.net\/?p=93940","title":{"rendered":"Davuto\u011flu, yeni kabinedeki 2 isimden memnun: Ba\u015fbakan olsayd\u0131m ben de bizzat bakan yapard\u0131m"},"content":{"rendered":"<p> <strong>Gelecek Partisi<\/strong> Genel Ba\u015fkan\u0131 Ahmet Davuto\u011flu, FOX TV&#8217;de kat\u0131ld\u0131\u011f\u0131 canl\u0131 yay\u0131nda g\u00fcndeme ili\u015fkin a\u00e7\u0131klamalar ve yeni d\u00f6nem kabinesindeki isimlere y\u00f6nelik de\u011ferlendirmelerde bulundu. <\/p>\n<p><b>&#8220;BA\u015eBAKAN OLSAYDIM F\u0130DAN VE G\u00dcLER&#8217;\u0130 B\u0130ZZAT BAKAN YAPARDIM&#8221;<\/b><\/p>\n<p>D\u0131\u015fi\u015fleri Bakan\u0131 g\u00f6revine getirilen Hakan Fidan ve yeni Milli Savunma Bakan\u0131 olarak atanan Ya\u015far G\u00fcler&#8217;i memnuniyetle kar\u015f\u0131lad\u0131\u011f\u0131n\u0131 s\u00f6yleyen Davuto\u011flu, &#8220;Ba\u015fbakan olsayd\u0131m ben de Hakan Fidan&#8217;\u0131 da Ya\u015far G\u00fcler&#8217;i de bizzat bakan yapard\u0131m. Ya\u015far G\u00fcler Pa\u015fa&#8217;n\u0131n ve Hakan Fidan&#8217;\u0131n Bakan olmas\u0131n\u0131 memnuniyetle kar\u015f\u0131lad\u0131m&#8221; ifadelerini kulland\u0131. <\/p>\n<p><b>&#8220;MEHMET \u015e\u0130M\u015eEK, EN UFAK YOLSUZLU\u011eUN OLMADI\u011eI GE\u00c7M\u0130\u015eE SAH\u0130P&#8221;<\/b><\/p>\n<p>Hazine ve Maliye Bakanl\u0131\u011f\u0131na atanan Mehmet \u015eim\u015fek&#8217;le ilgili de konu\u015fan Davutu\u011flu, &#8220;Mehmet \u015eim\u015fek son derece sayd\u0131\u011f\u0131m, kamu emanetini emanet bilen, en ufak bir yolsuzlu\u011funun olmad\u0131\u011f\u0131 bir ge\u00e7mi\u015fe sahip&#8221; dedi.<\/p>\n<p><b>&#8220;ZOR B\u0130R S\u00dcRE\u00c7 ONLARI BEKL\u0130YOR&#8221;<\/b><\/p>\n<p>S\u00f6zlerini s\u00fcrd\u00fcren Davuto\u011flu &#8220;Say\u0131n Mehmet \u015eim\u015fek, T\u00fcrkiye&#8217;de g\u00f6rev almadan \u00f6nce biz konu\u015fmu\u015ftuk. Ba\u015fbakan yard\u0131mc\u0131m\u0131z, Maliye Bakan\u0131m\u0131zd\u0131. Birlikte \u00e7al\u0131\u015ft\u0131k. Recep Tayyip Erdo\u011fan doland\u0131r\u0131c\u0131 olarak bizi i\u015faret etti, Babacan&#8217;\u0131 da i\u00e7ine koyarak. Zor bir s\u00fcre\u00e7 onlar\u0131 bekliyor. Cumhurba\u015fkanl\u0131\u011f\u0131 Kabinesi bir ki\u015finin iste\u011fine bakar. Mehmet bey epey bir m\u00fczakere ortaya koydu. \u015eimdi g\u00f6rece\u011fiz bunlara uyulacak m\u0131?&#8221; ifadelerine yer verdi. <\/p>\n","protected":false},"excerpt":{"rendered":"<p>Gelecek Partisi Genel Ba\u015fkan\u0131 Ahmet Davuto\u011flu, se\u00e7im sonras\u0131 olu\u015fturulan yeni kabineyi de\u011ferlendirdi. Davuto\u011flu, &#8220;Ba\u015fbakan olsayd\u0131m ben de Hakan Fidan&#8217;\u0131 da Ya\u015far G\u00fcler&#8217;i de bizzat bakan yapard\u0131m. Ya\u015far G\u00fcler Pa\u015fa&#8217;n\u0131n ve Hakan Fidan&#8217;\u0131n Bakan olmas\u0131n\u0131 memnuniyetle kar\u015f\u0131lad\u0131m&#8221; dedi.<\/p>\n","protected":false},"author":1,"featured_media":0,"comment_status":"closed","ping_status":"open","sticky":false,"template":"","format":"standard","meta":{"footnotes":""},"categories":[28],"tags":[366,2323],"class_list":["post-93940","post","type-post","status-publish","format-standard","hentry","category-politika","tag-bakan","tag-mehmet"],"_links":{"self":[{"href":"https:\/\/haberulus.net\/index.php?rest_route=\/wp\/v2\/posts\/93940","targetHints":{"allow":["GET"]}}],"collection":[{"href":"https:\/\/haberulus.net\/index.php?rest_route=\/wp\/v2\/posts"}],"about":[{"href":"https:\/\/haberulus.net\/index.php?rest_route=\/wp\/v2\/types\/post"}],"author":[{"embeddable":true,"href":"https:\/\/haberulus.net\/index.php?rest_route=\/wp\/v2\/users\/1"}],"replies":[{"embeddable":true,"href":"https:\/\/haberulus.net\/index.php?rest_route=%2Fwp%2Fv2%2Fcomments&post=93940"}],"version-history":[{"count":1,"href":"https:\/\/haberulus.net\/index.php?rest_route=\/wp\/v2\/posts\/93940\/revisions"}],"predecessor-version":[{"id":93941,"href":"https:\/\/haberulus.net\/index.php?rest_route=\/wp\/v2\/posts\/93940\/revisions\/93941"}],"wp:attachment":[{"href":"https:\/\/haberulus.net\/index.php?rest_route=%2Fwp%2Fv2%2Fmedia&parent=93940"}],"wp:term":[{"taxonomy":"category","embeddable":true,"href":"https:\/\/haberulus.net\/index.php?rest_route=%2Fwp%2Fv2%2Fcategories&post=93940"},{"taxonomy":"post_tag","embeddable":true,"href":"https:\/\/haberulus.net\/index.php?rest_route=%2Fwp%2Fv2%2Ftags&post=93940"}],"curies":[{"name":"wp","href":"https:\/\/api.w.org\/{rel}","templated":true}]}}