{"id":94005,"date":"2023-06-06T10:21:03","date_gmt":"2023-06-06T10:21:03","guid":{"rendered":"https:\/\/haberulus.net\/?p=94005"},"modified":"2023-06-06T10:21:03","modified_gmt":"2023-06-06T10:21:03","slug":"numan-kurtulmustan-chpye-ziyaret-ozgur-ozelden-destek-aciklamasi","status":"publish","type":"post","link":"https:\/\/haberulus.net\/?p=94005","title":{"rendered":"Numan Kurtulmu\u015f\u2019tan CHP\u2019ye ziyaret! \u00d6zg\u00fcr \u00d6zel\u2019den destek a\u00e7\u0131klamas\u0131"},"content":{"rendered":"<p>AKP Genel Ba\u015fkanvekili ve \u0130stanbul Milletvekili Numan Kurtulmu\u015f, TBMM Ba\u015fkanl\u0131\u011f\u0131 i\u00e7in Meclis Genel Sekreterli\u011fi\u2019ne adayl\u0131k ba\u015fvurusu yapt\u0131.<\/p>\n<p>Prosed\u00fcr\u00fcn tamamlanmas\u0131 i\u00e7in kendisinin \u015fahsi dilek\u00e7esini verdi\u011fini belirten Kurtulmu\u015f, \u201cBundan sonra s\u00f6z, TBMM\u2019deki \u00e7ok de\u011ferli 600 milletvekilindedir. Meclis\u2019teki oylamalar sonucunda TBMM yeni ba\u015fkan\u0131n\u0131 se\u00e7ecektir\u201d dedi.<\/p>\n<p>Daha sonra CHP\u2019nin TBMM Grubu\u2019nu ziyaret eden Kurtulmu\u015f, CHP Grup Ba\u015fkan\u0131 \u00d6zg\u00fcr \u00d6zel ile Grup Ba\u015fkanvekilleri Burcu K\u00f6ksal ve Ali Mahir Ba\u015far\u0131r ile g\u00f6r\u00fc\u015ft\u00fc.<\/p>\n<p><img decoding=\"async\" src=\"https:\/\/i01.sozcucdn.com\/wp-content\/uploads\/2023\/06\/06\/f6cf37a1-c3c3-4af5-ab2d-87ac4ecfacb5.jpg\" alt=\"\" title=\"\"><\/p>\n<p>Kurtulmu\u015f, \u201cK\u0131sa ama yararl\u0131 bir g\u00f6r\u00fc\u015fme oldu. Meclis\u2019i \u00e7ok \u00f6nemli bir g\u00fcndem bekliyor. Fedakar bir i\u015fbirli\u011fi i\u00e7erisinde \u00e7al\u0131\u015faca\u011f\u0131z\u201d dedi.<\/p>\n<p>CHP Grup Ba\u015fkan\u0131 \u00d6zg\u00fcr \u00d6zel ise \u201cSay\u0131n Kurtulmu\u015f deste\u011fimizi istedi. Biz yar\u0131n aday \u00e7\u0131karaca\u011f\u0131z. Say\u0131n Kurtulmu\u015f, 2 y\u0131l boyunca tarafs\u0131z olursa, biz 2. d\u00f6nem adayl\u0131\u011f\u0131nda kendisini destekleyece\u011fiz ve kar\u015f\u0131s\u0131na aday \u00e7\u0131karmayaca\u011f\u0131z\u201d dedi.<\/p>\n","protected":false},"excerpt":{"rendered":"<p>AKP&#8217;nin TBMM Ba\u015fkan\u0131 aday\u0131 Numan Kurtulmu\u015f, CHP Grubu&#8217;nu ziyaret etti.<\/p>\n","protected":false},"author":1,"featured_media":94006,"comment_status":"closed","ping_status":"open","sticky":false,"template":"","format":"standard","meta":{"footnotes":""},"categories":[26],"tags":[9297],"class_list":["post-94005","post","type-post","status-publish","format-standard","has-post-thumbnail","hentry","category-gundem","tag-kurtulmus"],"_links":{"self":[{"href":"https:\/\/haberulus.net\/index.php?rest_route=\/wp\/v2\/posts\/94005","targetHints":{"allow":["GET"]}}],"collection":[{"href":"https:\/\/haberulus.net\/index.php?rest_route=\/wp\/v2\/posts"}],"about":[{"href":"https:\/\/haberulus.net\/index.php?rest_route=\/wp\/v2\/types\/post"}],"author":[{"embeddable":true,"href":"https:\/\/haberulus.net\/index.php?rest_route=\/wp\/v2\/users\/1"}],"replies":[{"embeddable":true,"href":"https:\/\/haberulus.net\/index.php?rest_route=%2Fwp%2Fv2%2Fcomments&post=94005"}],"version-history":[{"count":1,"href":"https:\/\/haberulus.net\/index.php?rest_route=\/wp\/v2\/posts\/94005\/revisions"}],"predecessor-version":[{"id":94007,"href":"https:\/\/haberulus.net\/index.php?rest_route=\/wp\/v2\/posts\/94005\/revisions\/94007"}],"wp:featuredmedia":[{"embeddable":true,"href":"https:\/\/haberulus.net\/index.php?rest_route=\/wp\/v2\/media\/94006"}],"wp:attachment":[{"href":"https:\/\/haberulus.net\/index.php?rest_route=%2Fwp%2Fv2%2Fmedia&parent=94005"}],"wp:term":[{"taxonomy":"category","embeddable":true,"href":"https:\/\/haberulus.net\/index.php?rest_route=%2Fwp%2Fv2%2Fcategories&post=94005"},{"taxonomy":"post_tag","embeddable":true,"href":"https:\/\/haberulus.net\/index.php?rest_route=%2Fwp%2Fv2%2Ftags&post=94005"}],"curies":[{"name":"wp","href":"https:\/\/api.w.org\/{rel}","templated":true}]}}