{"id":94041,"date":"2023-06-06T10:49:32","date_gmt":"2023-06-06T10:49:32","guid":{"rendered":"https:\/\/haberulus.net\/?p=94041"},"modified":"2023-06-06T10:49:32","modified_gmt":"2023-06-06T10:49:32","slug":"aihmden-selahattin-demirtas-ve-figen-yuksekdag-icin-hak-ihlali-karari","status":"publish","type":"post","link":"https:\/\/haberulus.net\/?p=94041","title":{"rendered":"A\u0130HM&#8217;den Selahattin Demirta\u015f ve Figen Y\u00fcksekda\u011f i\u00e7in hak ihlali karar\u0131"},"content":{"rendered":"<p>Avrupa \u0130nsan Haklar\u0131 Mahkemesi, eski HDP E\u015f Genel Ba\u015fkanlar\u0131 Selahattin Demirta\u015f ve Figen Y\u00fcksekda\u011f&#8217;\u0131n hak ihlaline ili\u015fkin karar verdi. Karar 1&#8217;e kar\u015f\u0131 6 oyla verildi. Tek kar\u015f\u0131 oy T\u00fcrk yarg\u0131\u00e7 Saadet Y\u00fcksel&#8217;den geldi.<\/p>\n<p><b>&#8220;KARAR YETER\u0130NCE GEREK\u00c7ELEND\u0130R\u0130LEMED\u0130&#8221;<\/b><\/p>\n<p>A\u0130HM gerek\u00e7eli karar\u0131nda, T\u00fcrk resmi otoritelerinin Demirta\u015f ve Y\u00fcksekda\u011f&#8217;\u0131n avukatlar\u0131yla olan g\u00f6r\u00fc\u015fmelerine y\u00f6nelik karar\u0131 yeterince gerek\u00e7elendiremedikleri sonucuna vard\u0131.<\/p>\n<p><b>DAVACILARA TAZM\u0130NAT \u00d6DEYECEK<\/b><\/p>\n<p>Mahkeme karar\u0131 gere\u011fi Ankara, davac\u0131lar\u0131n her birine 5 bin 500 Euro manevi tazminat ile toplam 2 bin 500 Euro mahkeme masraf\u0131 \u00f6deyecek.<\/p>\n<p><b>NE OLMU\u015eTU?<\/b><\/p>\n<p>Demirta\u015f ve Y\u00fcksekda\u011f hakk\u0131nda 4 Kas\u0131m 2016&#8217;da ge\u00e7ici tutuklama karar\u0131 verilmi\u015f, mahkeme OHAL \u00e7er\u00e7evesinde haz\u0131rlanan KHK&#8217;y\u0131 temel alarak, \u00fc\u00e7 ay s\u00fcreyle, avukatlar\u0131yla g\u00f6r\u00fc\u015fmelerine k\u0131s\u0131tlama getirmi\u015fti. Demirta\u015f ve Y\u00fcksekda\u011f&#8217;\u0131n yapt\u0131\u011f\u0131 bireysel ba\u015fvuruda Anayasa Mahkemesi OHAL kapsam\u0131nda al\u0131nan karar\u0131 &#8220;orant\u0131l\u0131&#8221; bularak, ihlal olmad\u0131\u011f\u0131na h\u00fckmetmi\u015fti. Bunun \u00fczerine Demirta\u015f ve Y\u00fcksekda\u011f, hak ihlali iddias\u0131yla A\u0130HM&#8217;e ba\u015fvurmu\u015ftu.<\/p>\n","protected":false},"excerpt":{"rendered":"<p>Avrupa \u0130nsan Haklar\u0131 Mahkemesi, eski HDP E\u015f Genel Ba\u015fkanlar\u0131 Selahattin Demirta\u015f ve Figen Y\u00fcksekda\u011f&#8217;\u0131n ge\u00e7ici tutukluluk d\u00f6nemlerinde avukatlar\u0131yla g\u00f6r\u00fc\u015fmelerine getirilen k\u0131s\u0131tlamalar\u0131 hak ihlali olarak de\u011ferlendirdi. Karar 1&#8217;e kar\u015f\u0131 6 oyla verilirken, tek kar\u015f\u0131 oy T\u00fcrk yarg\u0131\u00e7 Saadet Y\u00fcksel&#8217;den geldi.<\/p>\n","protected":false},"author":1,"featured_media":0,"comment_status":"closed","ping_status":"open","sticky":false,"template":"","format":"standard","meta":{"footnotes":""},"categories":[28],"tags":[580,505,12123],"class_list":["post-94041","post","type-post","status-publish","format-standard","hentry","category-politika","tag-karar","tag-mahkeme","tag-yuksekdag"],"_links":{"self":[{"href":"https:\/\/haberulus.net\/index.php?rest_route=\/wp\/v2\/posts\/94041","targetHints":{"allow":["GET"]}}],"collection":[{"href":"https:\/\/haberulus.net\/index.php?rest_route=\/wp\/v2\/posts"}],"about":[{"href":"https:\/\/haberulus.net\/index.php?rest_route=\/wp\/v2\/types\/post"}],"author":[{"embeddable":true,"href":"https:\/\/haberulus.net\/index.php?rest_route=\/wp\/v2\/users\/1"}],"replies":[{"embeddable":true,"href":"https:\/\/haberulus.net\/index.php?rest_route=%2Fwp%2Fv2%2Fcomments&post=94041"}],"version-history":[{"count":1,"href":"https:\/\/haberulus.net\/index.php?rest_route=\/wp\/v2\/posts\/94041\/revisions"}],"predecessor-version":[{"id":94042,"href":"https:\/\/haberulus.net\/index.php?rest_route=\/wp\/v2\/posts\/94041\/revisions\/94042"}],"wp:attachment":[{"href":"https:\/\/haberulus.net\/index.php?rest_route=%2Fwp%2Fv2%2Fmedia&parent=94041"}],"wp:term":[{"taxonomy":"category","embeddable":true,"href":"https:\/\/haberulus.net\/index.php?rest_route=%2Fwp%2Fv2%2Fcategories&post=94041"},{"taxonomy":"post_tag","embeddable":true,"href":"https:\/\/haberulus.net\/index.php?rest_route=%2Fwp%2Fv2%2Ftags&post=94041"}],"curies":[{"name":"wp","href":"https:\/\/api.w.org\/{rel}","templated":true}]}}