{"id":94046,"date":"2023-06-06T11:19:34","date_gmt":"2023-06-06T11:19:34","guid":{"rendered":"https:\/\/haberulus.net\/?p=94046"},"modified":"2023-06-06T11:19:34","modified_gmt":"2023-06-06T11:19:34","slug":"tbmm-baskanligi-icin-adaylik-basvurusu-yapan-numan-kurtulmus-chpyi-ziyaret-etti","status":"publish","type":"post","link":"https:\/\/haberulus.net\/?p=94046","title":{"rendered":"TBMM Ba\u015fkanl\u0131\u011f\u0131 i\u00e7in adayl\u0131k ba\u015fvurusu yapan Numan Kurtulmu\u015f, CHP&#8217;yi ziyaret etti"},"content":{"rendered":"<p> <strong>Ak Parti<\/strong> ve MHP taraf\u0131ndan TBMM Ba\u015fkanl\u0131\u011f\u0131&#8217;na aday g\u00f6sterilen Numan Kurtulmu\u015f, adayl\u0131k i\u00e7in dilek\u00e7esini Meclise sundu. Kurtulmu\u015f&#8217;a ba\u015fvuru s\u0131ras\u0131nda AK Parti Grup Ba\u015fkan\u0131 Abdullah G\u00fcler ile Grup Ba\u015fkanvekilleri \u00d6zlem Zengin, Abd\u00fclhamit G\u00fcl, Muhammet Emin Akba\u015fo\u011flu, Leyla \u015eahin Ulu ve Bahad\u0131r Yeni\u015fehirlio\u011flu e\u015flik etti.<\/p>\n<p><b>&#8220;S\u00d6Z MECL\u0130S&#8217;TEK\u0130 600 VEK\u0130L\u0130N&#8221;<\/b><\/p>\n<p>Ba\u015fvurunun ard\u0131ndan a\u00e7\u0131klama yapan Kurtulmu\u015f, &#8220;TBMM&#8217;de 28&#8217;inci D\u00f6nem, ge\u00e7ti\u011fimiz hafta milletvekillerinin yeminiyle birlikte a\u00e7\u0131lm\u0131\u015f oldu. Bu haftan\u0131n g\u00fcndemi de yeni Meclis Ba\u015fkanl\u0131\u011f\u0131 se\u00e7imi. Bug\u00fcn ak\u015fam 24.00&#8217;e kadar adaylar\u0131n ba\u015fvurusu olacak. D\u00fcn; AK Parti ve Milliyet\u00e7i Hareket Partisi Meclis y\u00f6neticileri kendi \u015fah\u0131slar\u0131 ad\u0131na \u015fahs\u0131m\u0131 aday g\u00f6sterdiler. Bug\u00fcn de prosed\u00fcr\u00fcn tamamlanmas\u0131 i\u00e7in ben de \u015fahs\u0131m ad\u0131na dilek\u00e7eyi verdim. Bundan sonra s\u00f6z Meclisteki \u00e7ok de\u011ferli 600 vekilindir. \u0130n\u015fallah oylamalar sonucunda Meclis yeni ba\u015fkan\u0131n\u0131 se\u00e7ecek&#8221; dedi.<\/p>\n<p><b>&#8220;S\u0130YAS\u0130 PART\u0130LER\u0130 Z\u0130YARET EDECE\u011e\u0130Z&#8221;<\/b><\/p>\n<p>Kurtulmu\u015f, Meclisi \u00e7ok \u00f6nemli ve \u00e7ok zor g\u00fcndemlerin bekledi\u011fini vurgulayarak, &#8220;\u0130n\u015fallah TBMM, T\u00fcrkiye Y\u00fczy\u0131l\u0131 hedeflerinin ger\u00e7ekle\u015ftirilmesi i\u00e7in \u00fczerine d\u00fc\u015fen sorumlulu\u011fu b\u00fcy\u00fck bir hassasiyetle yerine getirecektir. Ben 28&#8217;inci D\u00f6nemin, tarihi bir d\u00f6neme \u015fahitlik edecek Meclis oldu\u011funa inan\u0131yorum. \u0130n\u015fallah hep beraber Meclisin i\u00e7eresinde demokratik team\u00fcllere uyarak, demokrasinin standartlar\u0131n\u0131 daha da y\u00fckselterek Meclis \u00fczerine d\u00fc\u015fen sorumluluklar\u0131 yerine getirecektir. ve T\u00fcrkiye&#8217;nin milli hedeflerini ger\u00e7ekle\u015ftirmek i\u00e7in g\u00fc\u00e7l\u00fc ad\u0131mlar\u0131n at\u0131lmas\u0131na yasama anlam\u0131nda gayret edecektir&#8221; diye konu\u015ftu.<\/p>\n<p><img decoding=\"async\" src=\"https:\/\/i.hbrcdn.com\/haber\/2023\/06\/06\/numan-kurtulmus-tbmm-baskanligi-icin-adaylik-16003334_7360_m.jpg\" alt=\"\" title=\"\"><\/p>\n<p><b>&#8220;BU B\u0130R NEZAKET Z\u0130YARET\u0130D\u0130R&#8221;<\/b><\/p>\n<p>Kurtulmu\u015f ayr\u0131ca, siyasi partilere nezaket ziyareti yapaca\u011f\u0131n\u0131 belirterek, &#8220;G\u00fcn i\u00e7inde siyasi partileri ziyaret edece\u011fiz. Bu bir nezaket ziyaretidir. Tabii bu nezaket ziyaretinin tamamlanmas\u0131 da ger\u00e7ekten demokratik olgunluk bak\u0131m\u0131ndan \u00f6nemlidir. Parlamentoda \u00e7ok farkl\u0131 fikirlerimiz olabilir, T\u00fcrkiye&#8217;nin gelece\u011fine ili\u015fkin farkl\u0131 projelerimiz olabilir ama diyalog i\u00e7inde birbirimizle ortak zeminlerde karar alabilerek, ortak zeminlerde bu m\u00fccadeleyi s\u00fcrd\u00fcrerek yolumuza devam edelim. Bunun ba\u015flang\u0131c\u0131nda biz elimizi uzat\u0131p, bir dostluk ver karde\u015flik elini uzatmak bak\u0131m\u0131nda da bu ziyaretleri ger\u00e7ekle\u015ftirece\u011fiz. Bunun nihayetinde bir nezaket ziyareti oldu\u011funu bir kere daha ifade etmek isterim&#8221; ifadelerini kulland\u0131. <\/p>\n<p><b>CHP&#8217;Y\u0130 Z\u0130YARET ETT\u0130<\/b><\/p>\n<p>Daha sonra CHP&#8217;nin TBMM Grubu&#8217;nu ziyaret eden Kurtulmu\u015f, CHP Grup Ba\u015fkan\u0131 \u00d6zg\u00fcr \u00d6zel ile Grup Ba\u015fkanvekilleri Burcu K\u00f6ksal ve Ali Mahir Ba\u015far\u0131r ile g\u00f6r\u00fc\u015ft\u00fc. Kurtulmu\u015f, &#8220;K\u0131sa ama yararl\u0131 bir g\u00f6r\u00fc\u015fme oldu. Meclis&#8217;i \u00e7ok \u00f6nemli bir g\u00fcndem bekliyor. Fedakar bir i\u015fbirli\u011fi i\u00e7erisinde \u00e7al\u0131\u015faca\u011f\u0131z&#8221; dedi.<\/p>\n<p>CHP Grup Ba\u015fkan\u0131 \u00d6zg\u00fcr \u00d6zel ise &#8220;Say\u0131n Kurtulmu\u015f deste\u011fimizi istedi. Biz yar\u0131n aday \u00e7\u0131karaca\u011f\u0131z. Say\u0131n Kurtulmu\u015f, 2 y\u0131l boyunca tarafs\u0131z olursa, biz 2. d\u00f6nem adayl\u0131\u011f\u0131nda kendisini destekleyece\u011fiz ve kar\u015f\u0131s\u0131na aday \u00e7\u0131karmayaca\u011f\u0131z&#8221; ifadelerini kulland\u0131.<\/p>\n<p><img decoding=\"async\" src=\"https:\/\/i.hbrcdn.com\/haber\/2023\/06\/06\/numan-kurtulmus-tbmm-baskanligi-icin-adaylik-16003334_5460_m.jpg\" alt=\"\" title=\"\"><\/p>\n<div>Kaynak: Demir\u00f6ren Haber Ajans\u0131 \/  Besti Karalar &#8211;  Politika <\/div>\n","protected":false},"excerpt":{"rendered":"<p>AK Parti Genel Ba\u015fkanvekili ve \u0130stanbul Milletvekili Numan Kurtulmu\u015f, TBMM Ba\u015fkanl\u0131\u011f\u0131 i\u00e7in adayl\u0131k ba\u015fvurusunu yapt\u0131. &#8220;G\u00fcn i\u00e7inde siyasi partileri ziyaret edece\u011fiz.&#8221; diyen Kurtulmu\u015f ilk olarak CHP&#8217;ye gitti. Kurtulmu\u015f, &#8220;K\u0131sa ama yararl\u0131 bir g\u00f6r\u00fc\u015fme oldu&#8221; derken CHP Grup Ba\u015fkan\u0131 \u00d6zg\u00fcr \u00d6zel ise &#8220;Say\u0131n Kurtulmu\u015f deste\u011fimizi istedi. Biz yar\u0131n aday \u00e7\u0131karaca\u011f\u0131z. Say\u0131n Kurtulmu\u015f, 2 y\u0131l boyunca tarafs\u0131z olursa, biz 2. d\u00f6nem adayl\u0131\u011f\u0131nda kendisini destekleyece\u011fiz ve kar\u015f\u0131s\u0131na aday \u00e7\u0131karmayaca\u011f\u0131z&#8221; dedi.<\/p>\n","protected":false},"author":1,"featured_media":0,"comment_status":"closed","ping_status":"open","sticky":false,"template":"","format":"standard","meta":{"footnotes":""},"categories":[28],"tags":[271,9297,581,442,1228],"class_list":["post-94046","post","type-post","status-publish","format-standard","hentry","category-politika","tag-aday","tag-kurtulmus","tag-meclis","tag-parti","tag-ziyaret"],"_links":{"self":[{"href":"https:\/\/haberulus.net\/index.php?rest_route=\/wp\/v2\/posts\/94046","targetHints":{"allow":["GET"]}}],"collection":[{"href":"https:\/\/haberulus.net\/index.php?rest_route=\/wp\/v2\/posts"}],"about":[{"href":"https:\/\/haberulus.net\/index.php?rest_route=\/wp\/v2\/types\/post"}],"author":[{"embeddable":true,"href":"https:\/\/haberulus.net\/index.php?rest_route=\/wp\/v2\/users\/1"}],"replies":[{"embeddable":true,"href":"https:\/\/haberulus.net\/index.php?rest_route=%2Fwp%2Fv2%2Fcomments&post=94046"}],"version-history":[{"count":1,"href":"https:\/\/haberulus.net\/index.php?rest_route=\/wp\/v2\/posts\/94046\/revisions"}],"predecessor-version":[{"id":94047,"href":"https:\/\/haberulus.net\/index.php?rest_route=\/wp\/v2\/posts\/94046\/revisions\/94047"}],"wp:attachment":[{"href":"https:\/\/haberulus.net\/index.php?rest_route=%2Fwp%2Fv2%2Fmedia&parent=94046"}],"wp:term":[{"taxonomy":"category","embeddable":true,"href":"https:\/\/haberulus.net\/index.php?rest_route=%2Fwp%2Fv2%2Fcategories&post=94046"},{"taxonomy":"post_tag","embeddable":true,"href":"https:\/\/haberulus.net\/index.php?rest_route=%2Fwp%2Fv2%2Ftags&post=94046"}],"curies":[{"name":"wp","href":"https:\/\/api.w.org\/{rel}","templated":true}]}}