{"id":94111,"date":"2023-06-06T12:49:32","date_gmt":"2023-06-06T12:49:32","guid":{"rendered":"https:\/\/haberulus.net\/?p=94111"},"modified":"2023-06-06T12:49:32","modified_gmt":"2023-06-06T12:49:32","slug":"disisleri-bakani-fidandan-ilk-tweet-koklu-gelenege-sahip-hariciye-teskilatimizla-milli-dis-politika-vizyonumuzu-daha-da-gelistirecegiz","status":"publish","type":"post","link":"https:\/\/haberulus.net\/?p=94111","title":{"rendered":"D\u0131\u015fi\u015fleri Bakan\u0131 Fidan&#8217;dan ilk tweet: K\u00f6kl\u00fc gelene\u011fe sahip Hariciye Te\u015fkilat\u0131m\u0131zla milli d\u0131\u015f politika vizyonumuzu daha da geli\u015ftirece\u011fiz"},"content":{"rendered":"<p>Cumhurba\u015fkan\u0131 Erdo\u011fan&#8217;\u0131n yeni Kabine&#8217;sinde Mevl\u00fct \u00c7avu\u015fo\u011flu&#8217;nun yerine D\u0131\u015fi\u015fleri Bakan\u0131 olarak atanan eski M\u0130T Ba\u015fkan\u0131 Hakan Fidan bug\u00fcn a\u00e7t\u0131\u011f\u0131 Twitter hesab\u0131ndan ilk payla\u015f\u0131m\u0131n\u0131 yapt\u0131.<\/p>\n<p><b>ERDO\u011eAN&#8217;A \u015e\u00dcKRANLARINI SUNDU<\/b><\/p>\n<p>Milli \u0130stihbarat Te\u015fkilat\u0131 Ba\u015fkanl\u0131\u011f\u0131 g\u00f6revini \u0130brahim Kal\u0131n&#8217;a devretti\u011fini ifade eden Fidan, D\u0131\u015fi\u015fleri Bakanl\u0131\u011f\u0131 g\u00f6revini tevdi eden Cumhurba\u015fkan\u0131 Erdo\u011fan&#8217;a \u015f\u00fckranlar\u0131n\u0131 sundu.<\/p>\n<p><b>&#8220;M\u0130LL\u0130 DI\u015e POL\u0130T\u0130KA V\u0130ZYONUMUZU DAHA DA GEL\u0130\u015eT\u0130RECE\u011e\u0130Z&#8221;<\/b><\/p>\n<p>Bakan Fidan payla\u015f\u0131m\u0131nda \u015fu ifadeleri kulland\u0131 &#8220;K\u00f6kl\u00fc gelene\u011fe sahip Hariciye Te\u015fkilat\u0131m\u0131zla milli d\u0131\u015f politika vizyonumuzu daha da geli\u015ftirece\u011fiz.&#8221;<\/p>\n<p><img decoding=\"async\" src=\"https:\/\/i.hbrcdn.com\/haber\/2023\/06\/06\/disisleri-bakani-fidan-dan-ilk-tweet-koklu-16004163_5422_m.jpg\" alt=\"\" title=\"\"><\/p>\n","protected":false},"excerpt":{"rendered":"<p>Cumhurba\u015fkan\u0131 Erdo\u011fan&#8217;\u0131n a\u00e7\u0131klad\u0131\u011f\u0131 yeni Kabine&#8217;de D\u0131\u015fi\u015fleri Bakanl\u0131\u011f\u0131&#8217;na getirilen Hakan Fidan yeni a\u00e7t\u0131\u011f\u0131 Twitter hesab\u0131ndan ilk payla\u015f\u0131m\u0131n\u0131 yapt\u0131. Fidan tweet&#8217;inde &#8220;K\u00f6kl\u00fc gelene\u011fe sahip Hariciye Te\u015fkilat\u0131m\u0131zla milli d\u0131\u015f politika vizyonumuzu daha da geli\u015ftirece\u011fiz&#8221; ifadelerini kulland\u0131.<\/p>\n","protected":false},"author":1,"featured_media":0,"comment_status":"closed","ping_status":"open","sticky":false,"template":"","format":"standard","meta":{"footnotes":""},"categories":[28],"tags":[],"class_list":["post-94111","post","type-post","status-publish","format-standard","hentry","category-politika"],"_links":{"self":[{"href":"https:\/\/haberulus.net\/index.php?rest_route=\/wp\/v2\/posts\/94111","targetHints":{"allow":["GET"]}}],"collection":[{"href":"https:\/\/haberulus.net\/index.php?rest_route=\/wp\/v2\/posts"}],"about":[{"href":"https:\/\/haberulus.net\/index.php?rest_route=\/wp\/v2\/types\/post"}],"author":[{"embeddable":true,"href":"https:\/\/haberulus.net\/index.php?rest_route=\/wp\/v2\/users\/1"}],"replies":[{"embeddable":true,"href":"https:\/\/haberulus.net\/index.php?rest_route=%2Fwp%2Fv2%2Fcomments&post=94111"}],"version-history":[{"count":1,"href":"https:\/\/haberulus.net\/index.php?rest_route=\/wp\/v2\/posts\/94111\/revisions"}],"predecessor-version":[{"id":94112,"href":"https:\/\/haberulus.net\/index.php?rest_route=\/wp\/v2\/posts\/94111\/revisions\/94112"}],"wp:attachment":[{"href":"https:\/\/haberulus.net\/index.php?rest_route=%2Fwp%2Fv2%2Fmedia&parent=94111"}],"wp:term":[{"taxonomy":"category","embeddable":true,"href":"https:\/\/haberulus.net\/index.php?rest_route=%2Fwp%2Fv2%2Fcategories&post=94111"},{"taxonomy":"post_tag","embeddable":true,"href":"https:\/\/haberulus.net\/index.php?rest_route=%2Fwp%2Fv2%2Ftags&post=94111"}],"curies":[{"name":"wp","href":"https:\/\/api.w.org\/{rel}","templated":true}]}}