{"id":94143,"date":"2023-06-06T13:35:38","date_gmt":"2023-06-06T13:35:38","guid":{"rendered":"https:\/\/haberulus.net\/?p=94143"},"modified":"2023-06-06T13:35:38","modified_gmt":"2023-06-06T13:35:38","slug":"erdogan-tbmmye-girdiginde-neden-ayaga-kalkmadi-kilicdaroglundan-tek-cumlelik-yanit","status":"publish","type":"post","link":"https:\/\/haberulus.net\/?p=94143","title":{"rendered":"Erdo\u011fan TBMM&#8217;ye girdi\u011finde neden aya\u011fa kalkmad\u0131? K\u0131l\u0131\u00e7daro\u011flu&#8217;ndan tek c\u00fcmlelik yan\u0131t"},"content":{"rendered":"<p>28 May\u0131s&#8217;ta ger\u00e7ekle\u015fen cumhurba\u015fkanl\u0131\u011f\u0131 se\u00e7iminde Cumhurba\u015fkan\u0131 Erdo\u011fan, rakibi Kemal K\u0131l\u0131\u00e7daro\u011flu&#8217;nu geride b\u0131rakarak yeniden se\u00e7ildi. Yenilginin ard\u0131ndan istifa \u00e7a\u011fr\u0131lar\u0131na ra\u011fmen &#8220;M\u00fccadeleye devam edece\u011fim&#8221; diyen K\u0131l\u0131\u00e7daro\u011flu, partisinin genel ba\u015fkanl\u0131\u011f\u0131n\u0131 s\u00fcrd\u00fcrmeye devam edecek gibi g\u00f6r\u00fcn\u00fcyor.<\/p>\n<p><b>&#8220;NEDEN AYA\u011eA KALKAYIM K\u0130?&#8221;<\/b><\/p>\n<p>CHP i\u00e7inde hareketli g\u00fcnler ya\u015fan\u0131rken S\u00f6zc\u00fc TV&#8217;den \u0130pek \u00d6zbey&#8217;e a\u00e7\u0131klamalarda bulunan K\u0131l\u0131\u00e7daro\u011flu, Cumhurba\u015fkan\u0131 Erdo\u011fan&#8217;\u0131n TBMM&#8217;deki yemin t\u00f6reni i\u00e7in salona girdi\u011finde neden aya\u011fa kalmad\u0131\u011f\u0131 sorusunu yan\u0131tlad\u0131. K\u0131l\u0131\u00e7daro\u011flu, bu soruya &#8220;Bir parti genel ba\u015fkan\u0131 geldi\u011finde neden aya\u011fa kalkay\u0131m ki\u2026&#8221; yan\u0131t\u0131n\u0131 verdi. <\/p>\n<p><img decoding=\"async\" src=\"https:\/\/i.hbrcdn.com\/haber\/2023\/06\/06\/erdogan-tbmm-ye-girdiginde-neden-ayaga-kalkmadi-16004438_2075_m.jpg\" alt=\"\" title=\"\"><\/p>\n<p><b>&#8220;SADECE GENEL BA\u015eKAN OLARAK MI G\u00d6R\u00dcYORSUNUZ?&#8221;<\/b><\/p>\n<p>CHP lideri ayr\u0131ca &#8220;Kendisini bir tek parti genel ba\u015fkan\u0131 olarak m\u0131 g\u00f6r\u00fcyorsunuz?&#8221; sorusuna da , &#8220;Evet \u00f6yle&#8221; ifadeleriyle kar\u015f\u0131l\u0131k verdi.<\/p>\n","protected":false},"excerpt":{"rendered":"<p>CHP Genel Ba\u015fkan\u0131 Kemal K\u0131l\u0131\u00e7daro\u011flu, TBMM&#8217;deki yemin t\u00f6renine kat\u0131lan Cumhurba\u015fkan\u0131 Erdo\u011fan&#8217;\u0131n salona girdi\u011finde neden aya\u011fa kalkmad\u0131\u011f\u0131 sorusuna yan\u0131t verdi. K\u0131l\u0131\u00e7daro\u011flu konuyla ilgili a\u00e7\u0131klamas\u0131nda &#8220;Bir parti genel ba\u015fkan\u0131 geldi\u011finde neden aya\u011fa kalkay\u0131m ki?&#8221; ifadelerini kulland\u0131.<\/p>\n","protected":false},"author":1,"featured_media":0,"comment_status":"closed","ping_status":"open","sticky":false,"template":"","format":"standard","meta":{"footnotes":""},"categories":[28],"tags":[],"class_list":["post-94143","post","type-post","status-publish","format-standard","hentry","category-politika"],"_links":{"self":[{"href":"https:\/\/haberulus.net\/index.php?rest_route=\/wp\/v2\/posts\/94143","targetHints":{"allow":["GET"]}}],"collection":[{"href":"https:\/\/haberulus.net\/index.php?rest_route=\/wp\/v2\/posts"}],"about":[{"href":"https:\/\/haberulus.net\/index.php?rest_route=\/wp\/v2\/types\/post"}],"author":[{"embeddable":true,"href":"https:\/\/haberulus.net\/index.php?rest_route=\/wp\/v2\/users\/1"}],"replies":[{"embeddable":true,"href":"https:\/\/haberulus.net\/index.php?rest_route=%2Fwp%2Fv2%2Fcomments&post=94143"}],"version-history":[{"count":1,"href":"https:\/\/haberulus.net\/index.php?rest_route=\/wp\/v2\/posts\/94143\/revisions"}],"predecessor-version":[{"id":94144,"href":"https:\/\/haberulus.net\/index.php?rest_route=\/wp\/v2\/posts\/94143\/revisions\/94144"}],"wp:attachment":[{"href":"https:\/\/haberulus.net\/index.php?rest_route=%2Fwp%2Fv2%2Fmedia&parent=94143"}],"wp:term":[{"taxonomy":"category","embeddable":true,"href":"https:\/\/haberulus.net\/index.php?rest_route=%2Fwp%2Fv2%2Fcategories&post=94143"},{"taxonomy":"post_tag","embeddable":true,"href":"https:\/\/haberulus.net\/index.php?rest_route=%2Fwp%2Fv2%2Ftags&post=94143"}],"curies":[{"name":"wp","href":"https:\/\/api.w.org\/{rel}","templated":true}]}}