{"id":94154,"date":"2023-06-06T13:49:32","date_gmt":"2023-06-06T13:49:32","guid":{"rendered":"https:\/\/haberulus.net\/?p=94154"},"modified":"2023-06-06T13:49:32","modified_gmt":"2023-06-06T13:49:32","slug":"hakan-fidan-da-twitter-aleminde-takip-ettigi-4-hesap-var","status":"publish","type":"post","link":"https:\/\/haberulus.net\/?p=94154","title":{"rendered":"Hakan Fidan da Twitter aleminde! Takip etti\u011fi 4 hesap var"},"content":{"rendered":"<p>T\u00fcrkiye D\u0131\u015fi\u015fleri Bakan\u0131  <strong>Hakan Fidan<\/strong>, yeni a\u00e7\u0131lan resmi Twitter hesab\u0131ndan yapt\u0131\u011f\u0131 ilk payla\u015f\u0131mda, &#8220;D\u0131\u015f politika vizyonumuzu daha da geli\u015ftirece\u011fiz&#8221; mesaj\u0131n\u0131 verdi.<\/p>\n<p><b>4 HESABI TAK\u0130P ED\u0130YOR<\/b><\/p>\n<p>Twitter&#8217;a girmesinin ard\u0131ndan takip\u00e7i say\u0131s\u0131 h\u0131zla y\u00fckselen Hakan Fidan&#8217;\u0131n sadece 4 hesab\u0131 takip etmesi dikkatlerden ka\u00e7mad\u0131. <\/p>\n<p><b>HAKAN F\u0130DAN&#8217;IN TAK\u0130P ETT\u0130\u011e\u0130 HESAPLAR<\/b><\/p>\n<p>Fidan&#8217;\u0131n takip etti\u011fi hesaplar, Cumhurba\u015fkan\u0131 Recep Tayyip Erdo\u011fan, Cumhurba\u015fkanl\u0131\u011f\u0131&#8217;n\u0131n resmi hesab\u0131, D\u0131\u015fi\u015fleri Bakanl\u0131\u011f\u0131 ve bu hesab\u0131n \u0130ngilizce versiyonu olarak s\u0131ralan\u0131yor. <\/p>\n<p><img decoding=\"async\" src=\"https:\/\/i.hbrcdn.com\/haber\/2023\/06\/06\/hakan-fidan-da-twitter-aleminde-takip-ettigi-4-16004492_2008_m.jpg\" alt=\"\" title=\"\"><\/p>\n","protected":false},"excerpt":{"rendered":"<p>Cumhurba\u015fkan\u0131 Erdo\u011fan&#8217;\u0131n a\u00e7\u0131klad\u0131\u011f\u0131 yeni Kabine&#8217;de D\u0131\u015fi\u015fleri Bakanl\u0131\u011f\u0131&#8217;na getirilen Hakan Fidan da kendine Twitter hesab\u0131 a\u00e7t\u0131. \u0130lk payla\u015f\u0131m\u0131n\u0131 da yapan Bakan Fidan&#8217;\u0131n takip\u00e7i say\u0131s\u0131 h\u0131zla artarken yaln\u0131zca 4 hesab\u0131 takip ediyor olmas\u0131 dikkatlerden ka\u00e7mad\u0131.<\/p>\n","protected":false},"author":1,"featured_media":0,"comment_status":"closed","ping_status":"open","sticky":false,"template":"","format":"standard","meta":{"footnotes":""},"categories":[28],"tags":[3375,4755],"class_list":["post-94154","post","type-post","status-publish","format-standard","hentry","category-politika","tag-hesabi","tag-takip"],"_links":{"self":[{"href":"https:\/\/haberulus.net\/index.php?rest_route=\/wp\/v2\/posts\/94154","targetHints":{"allow":["GET"]}}],"collection":[{"href":"https:\/\/haberulus.net\/index.php?rest_route=\/wp\/v2\/posts"}],"about":[{"href":"https:\/\/haberulus.net\/index.php?rest_route=\/wp\/v2\/types\/post"}],"author":[{"embeddable":true,"href":"https:\/\/haberulus.net\/index.php?rest_route=\/wp\/v2\/users\/1"}],"replies":[{"embeddable":true,"href":"https:\/\/haberulus.net\/index.php?rest_route=%2Fwp%2Fv2%2Fcomments&post=94154"}],"version-history":[{"count":1,"href":"https:\/\/haberulus.net\/index.php?rest_route=\/wp\/v2\/posts\/94154\/revisions"}],"predecessor-version":[{"id":94155,"href":"https:\/\/haberulus.net\/index.php?rest_route=\/wp\/v2\/posts\/94154\/revisions\/94155"}],"wp:attachment":[{"href":"https:\/\/haberulus.net\/index.php?rest_route=%2Fwp%2Fv2%2Fmedia&parent=94154"}],"wp:term":[{"taxonomy":"category","embeddable":true,"href":"https:\/\/haberulus.net\/index.php?rest_route=%2Fwp%2Fv2%2Fcategories&post=94154"},{"taxonomy":"post_tag","embeddable":true,"href":"https:\/\/haberulus.net\/index.php?rest_route=%2Fwp%2Fv2%2Ftags&post=94154"}],"curies":[{"name":"wp","href":"https:\/\/api.w.org\/{rel}","templated":true}]}}